{"id":124044,"date":"2026-01-02T22:16:10","date_gmt":"2026-01-02T22:16:10","guid":{"rendered":"https:\/\/www.europesays.com\/se\/124044\/"},"modified":"2026-01-02T22:16:10","modified_gmt":"2026-01-02T22:16:10","slug":"vargjakten-i-finland-2026-laget-efter-tva-dagar","status":"publish","type":"post","link":"https:\/\/www.europesays.com\/se\/124044\/","title":{"rendered":"Vargjakten i Finland 2026: L\u00e4get efter tv\u00e5 dagar"},"content":{"rendered":"<p>                    <a data-lightbox=\"post-97120\" href=\"https:\/\/www.jaktojagare.se\/wp-content\/uploads\/2026\/01\/varg_finskflagga_montage_shutt.jpg\" data-title=\"Foto: Shutterstock&lt;br\/&gt;Vargjakten i Finland \u00e4r ig\u00e5ng sedan 1 januari och h\u00e5ller p\u00e5 som l\u00e4ngst till 10 februari.\" rel=\"nofollow noopener\" target=\"_blank\"><br \/>\n                        <img width=\"1280\" height=\"720\" src=\"https:\/\/www.europesays.com\/se\/wp-content\/uploads\/2026\/01\/varg_finskflagga_montage_shutt-1280x720.jpg\" class=\"attachment-large size-large\" alt=\"\" decoding=\"async\" fetchpriority=\"high\"   itemprop=\"image\"\/>                    <\/a><\/p>\n<p>\n                        Foto: Shutterstock<br \/>\n                        Vargjakten i Finland \u00e4r ig\u00e5ng sedan 1 januari och h\u00e5ller p\u00e5 som l\u00e4ngst till 10 februari.\n                    <\/p>\n<p>Uppdaterad 2026-01-02 16:40Publicerad 2026-01-02 16:38<\/p>\n<p>Under vintern 2026 genomf\u00f6r Finland f\u00f6r f\u00f6rsta g\u00e5ngen p\u00e5 m\u00e5nga \u00e5r en kontrollerad kvotjakt p\u00e5 varg som en del av den nya nationella f\u00f6rvaltningen av vargstammen. Jakten sker inom ett nytt regelverk som m\u00f6jligg\u00f6r stamreglerande jakt baserad p\u00e5 regionala kvoter och har blivit en central fr\u00e5ga i den finska viltf\u00f6rvaltningen.<\/p>\n<p>2025 f\u00f6r\u00e4ndrades jaktlagstiftningen i Finland, vilket inneb\u00e4r att varg inte l\u00e4ngre \u00e4r skyddad \u00e5ret runt som tidigare. Genom \u00e4ndringar i Hunting Act och genom regionala kvoter kan j\u00e4gare delta i en kontrollerad vargjakt under en best\u00e4md period, fr\u00e5n 1 januari till 10 februari 2026.<\/p>\n<p>Detta nya system bygger p\u00e5 en rad f\u00f6rvaltningsm\u00e5l:<\/p>\n<ul class=\"wp-block-list\">\n<li>att reglera vargstammens storlek,<\/li>\n<li>att minska problem med varg i och n\u00e4ra bebyggelse,<\/li>\n<li>och att hantera konflikter med tamdjur och renar.<\/li>\n<\/ul>\n<p><strong>S\u00e5 h\u00e4r l\u00e5ngt i jakten \u2013 kvoter och resultat<\/strong><\/p>\n<p>P\u00e5 Riistakeskus Kiinti\u00f6 \u2013 den finska viltcentralens officiella kvotuppf\u00f6ljningssida \u2013 publiceras kontinuerligt statistik \u00f6ver hur m\u00e5nga vargar som f\u00e4llt inom respektive kvotomr\u00e5de. Totalt f\u00e5r 100 vargar f\u00e4llas.<\/p>\n<p>Per 2 januari 2026 visar uppf\u00f6ljningen av jakten:<\/p>\n<ul class=\"wp-block-list\">\n<li><strong>Aura\u2013Paimio:<\/strong> 5 av 13 vargar f\u00e4llda,<\/li>\n<li><strong>Kaskinen\u2013N\u00e4rpes:<\/strong> 1 av 8<\/li>\n<li><strong>Kustavi:<\/strong> 4 av 7<\/li>\n<li><strong>Tohmaj\u00e4rvi\u2013Kitee:<\/strong> 2 av 4<\/li>\n<li><strong>Eurajoki:<\/strong> 0 av 6<\/li>\n<li><strong>Humppila:<\/strong> 0 av 8<\/li>\n<li><strong>Kaakkois-Suomi:<\/strong> 2 av 10<\/li>\n<li><strong>Kyt\u00e4j\u00e4:<\/strong> 0 av 2<\/li>\n<li><strong>K\u00f6yli\u00f6: <\/strong>0 av 3<\/li>\n<li><strong>Lauhanvuori:<\/strong> 3 av 6<\/li>\n<li><strong>Nivala:<\/strong> 2 av 4<\/li>\n<li><strong>Nurmij\u00e4rvi: <\/strong>1 av 6<\/li>\n<li><strong>Pahkavaara:<\/strong> 0 av 5<\/li>\n<li><strong>Peurainneva:<\/strong> 0 av 6<\/li>\n<li><strong>Rekikoski:<\/strong> 0 av 6<\/li>\n<li><strong>Vuosanka:<\/strong> 1 av 6<br \/>K\u00e4lla: <a href=\"https:\/\/kiintio.rihttps:\/\/kiintio.riista.fi\/sv\/ista.fi\/sv\" target=\"_blank\" rel=\"noopener nofollow\">https:\/\/kiintio.rihttps:\/\/kiintio.riista.fi\/sv\/ista.fi\/sv<\/a><\/li>\n<\/ul>\n<p>Det finns ocks\u00e5 omr\u00e5den d\u00e4r varghybrider har identifierats \u2013 dessa ing\u00e5r i s\u00e4rskilda kvoter och r\u00e4knas inte som ren vargjakt i statistiken.<\/p>\n<p><strong>Bakgrund: En v\u00e4xande vargstam<\/strong><\/p>\n<p>En viktig drivkraft bakom beslutet att genomf\u00f6ra kvotjakt \u00e4r den \u00f6kade vargstammen i Finland. En officiell uppskattning fr\u00e5n Naturresursinstitutet (Luke) visar att den finska vargstammen med 90 procents sannolikhet i november 2025 bed\u00f6ms best\u00e5 av omkring 557 individer.<\/p>\n<p>Denna niv\u00e5 ligger klart \u00f6ver referensv\u00e4rdet som satts av jord- och skogsbruksministeriet f\u00f6r att s\u00e4kra en gynnsam bevarandestatus f\u00f6r arten.<\/p>\n<p>Populationstillv\u00e4xten har varit dramatisk de senaste \u00e5ren \u2013 enligt vissa uppskattningar \u00f6kade antalet vargar med \u00f6ver 46 procent p\u00e5 ett \u00e5r fram till mars 2025.<\/p>\n","protected":false},"excerpt":{"rendered":"Foto: Shutterstock Vargjakten i Finland \u00e4r ig\u00e5ng sedan 1 januari och h\u00e5ller p\u00e5 som l\u00e4ngst till 10 februari.&hellip;\n","protected":false},"author":2,"featured_media":124045,"comment_status":"","ping_status":"","sticky":false,"template":"","format":"standard","meta":{"footnotes":""},"categories":[14],"tags":[22,23,26,27,17,21,24,25,28,29,15,16,18,34,31,33,32,30,19,20,51,52,53,54],"class_list":{"0":"post-124044","1":"post","2":"type-post","3":"status-publish","4":"format-standard","5":"has-post-thumbnail","7":"category-varlden","8":"tag-breaking-news","9":"tag-breakingnews","10":"tag-featured-news","11":"tag-featurednews","12":"tag-headlines","13":"tag-huvudnyheter","14":"tag-latest-news","15":"tag-latestnews","16":"tag-main-news","17":"tag-mainnews","18":"tag-news","19":"tag-nyheter","20":"tag-rubriker","21":"tag-se","22":"tag-svenska","23":"tag-sverige","24":"tag-sweden","25":"tag-swedish","26":"tag-top-stories","27":"tag-topstories","28":"tag-varlden","29":"tag-world","30":"tag-world-news","31":"tag-worldnews"},"share_on_mastodon":{"url":"https:\/\/pubeurope.com\/@se\/115827820719175253","error":""},"_links":{"self":[{"href":"https:\/\/www.europesays.com\/se\/wp-json\/wp\/v2\/posts\/124044","targetHints":{"allow":["GET"]}}],"collection":[{"href":"https:\/\/www.europesays.com\/se\/wp-json\/wp\/v2\/posts"}],"about":[{"href":"https:\/\/www.europesays.com\/se\/wp-json\/wp\/v2\/types\/post"}],"author":[{"embeddable":true,"href":"https:\/\/www.europesays.com\/se\/wp-json\/wp\/v2\/users\/2"}],"replies":[{"embeddable":true,"href":"https:\/\/www.europesays.com\/se\/wp-json\/wp\/v2\/comments?post=124044"}],"version-history":[{"count":0,"href":"https:\/\/www.europesays.com\/se\/wp-json\/wp\/v2\/posts\/124044\/revisions"}],"wp:featuredmedia":[{"embeddable":true,"href":"https:\/\/www.europesays.com\/se\/wp-json\/wp\/v2\/media\/124045"}],"wp:attachment":[{"href":"https:\/\/www.europesays.com\/se\/wp-json\/wp\/v2\/media?parent=124044"}],"wp:term":[{"taxonomy":"category","embeddable":true,"href":"https:\/\/www.europesays.com\/se\/wp-json\/wp\/v2\/categories?post=124044"},{"taxonomy":"post_tag","embeddable":true,"href":"https:\/\/www.europesays.com\/se\/wp-json\/wp\/v2\/tags?post=124044"}],"curies":[{"name":"wp","href":"https:\/\/api.w.org\/{rel}","templated":true}]}}