{"id":124047,"date":"2026-01-02T22:25:32","date_gmt":"2026-01-02T22:25:32","guid":{"rendered":"https:\/\/www.europesays.com\/se\/124047\/"},"modified":"2026-01-02T22:25:32","modified_gmt":"2026-01-02T22:25:32","slug":"arliga-pizzadagen-i-full-gang-pa-pizzeria-alpina-da-ar-det-kaos-sla-se","status":"publish","type":"post","link":"https:\/\/www.europesays.com\/se\/124047\/","title":{"rendered":"\u00c5rliga pizzadagen i full g\u00e5ng p\u00e5 Pizzeria Alpina: \u201dD\u00e5 \u00e4r det kaos\u201d &#8211; sla.se"},"content":{"rendered":"<ol>\n<li><a href=\"https:\/\/news.google.com\/rss\/articles\/CBMimAFBVV95cUxNemVFb3NKUEJBQmVzb1lieXJRUEtfM2Z6VkZtTk5vcG5MX21tZ3oyTzYzcVYxa095NkREdTdOcThOUG5ZdC0yYzZialRUM0VmeGJPNURpdjBWWmVUcEdmcWt1bV9Lb004Z3VDekJTRGt0NTlIRTRzUVV2amRqZlZrUWJlX3ZEcVo5QTJTX2RvWkFtTWZrUUVBMg?oc=5\" target=\"_blank\" rel=\"nofollow noopener\">\u00c5rliga pizzadagen i full g\u00e5ng p\u00e5 Pizzeria Alpina: \u201dD\u00e5 \u00e4r det kaos\u201d<\/a>&nbsp;&nbsp;sla.se<\/li>\n<li><a href=\"https:\/\/news.google.com\/rss\/articles\/CBMiqwFBVV95cUxOa1hZNm9EbW5Wc0FhVG1JbU54aVQ3S2QyUnFvQUMySjlMWU5FQUVINW5XMGhvSm9VcXVMYlNXT3NISzVBVmJaMWp5NWtua3J5M2hJbjZ4NWpyREd3ckNpRVVIR3hZMFZDaHE3UERueUxhUXVyRGJ1WVo5bFVIRlA3ZFZjMGhsdUFFUFNoRVFFeThHVVY3RHk2emVianNwRjNSX3U4eFJ5WmFzNGc?oc=5\" target=\"_blank\" rel=\"nofollow noopener\">Restaurangen i Huskvarna s\u00e5lde \u00f6ver 1300 pizzor: \u201dMycket krigande\u201d<\/a>&nbsp;&nbsp;SVT Nyheter<\/li>\n<li><a href=\"https:\/\/news.google.com\/rss\/articles\/CBMiqAFBVV95cUxPeW1rR21qRUhad2ZHb001TzVwSmdhakpzdGpLbnh6X1dxVFJGNVJ6TkdUbGxvbW5HNzNJcnVER0dqOFFPRkNXYTB2dDlKRzA5Wjl3cHBvVGxnUFVqbllzQ2p6TVRuSVlhdlpZR1JORVNDbDNKY21ZUTZwZlU0dWVpQlk4QS0wMTdXU1J3YkNhWTdQUTFiLTlFdTZObXdVVkFkUTZnWjFvTzE?oc=5\" target=\"_blank\" rel=\"nofollow noopener\">S\u00e5 gick ny\u00e5rsdagen f\u00f6r pizzeriorna: \u201dDet blev v\u00e5rt b\u00e4sta \u00e5r!\u201d<\/a>&nbsp;&nbsp;Trelleborgs Allehanda<\/li>\n<li><a href=\"https:\/\/news.google.com\/rss\/articles\/CBMikwFBVV95cUxPVXM0eHp0dHZvVHk5bXB0eVFqTUgwcHRQdzZDMXBnNWdRTlNlczJwYks4djdKb2JqMk5UNm5yZVNJOFdHdnNWTnpjelVNX1NIRmxwbFVyTjRkR0tqSW90R1IxOG96dW9hN05mN3VxeHF0dnRaLTd2LU16T29TRTktUjlja3FlaDFIcmJRUnhoR2hMUzA?oc=5\" target=\"_blank\" rel=\"nofollow noopener\">Fadi slog pizzarekord p\u00e5 ny\u00e5rsdagen<\/a>&nbsp;&nbsp;Sveriges Radio<\/li>\n<li><a href=\"https:\/\/news.google.com\/rss\/articles\/CBMirwFBVV95cUxOaXFobmtmcng0Z2UzTTktZDVTTHF1TmswZ0E3RkJyakNQNFpQanRWMHBLU2Y5T0twZ0dtYk9sTlRFa254Q1oxTmhBbnc5QkF2cXVhSWwycHZSbVViUWxEaGRaXzYzWTAybGt4NTd5eGo5M1hsZ0hWbW4yazJfTFU3YVMxem00eWtyeFEyaWF1bUQ3dTI1ZVR4QnBDVXlkRGY5S2RIM2QzcW1uZFpFX0dj?oc=5\" target=\"_blank\" rel=\"nofollow noopener\">\u00c5rets st\u00f6rsta dag f\u00f6r pizzeriorna \u2013 h\u00e4r fyrdubblas f\u00f6rs\u00e4ljningen: \u201dKulturgrej\u201d<\/a>&nbsp;&nbsp;NWT<\/li>\n<\/ol>\n","protected":false},"excerpt":{"rendered":"\u00c5rliga pizzadagen i full g\u00e5ng p\u00e5 Pizzeria Alpina: \u201dD\u00e5 \u00e4r det kaos\u201d&nbsp;&nbsp;sla.se Restaurangen i Huskvarna s\u00e5lde \u00f6ver 1300&hellip;\n","protected":false},"author":2,"featured_media":124048,"comment_status":"","ping_status":"","sticky":false,"template":"","format":"standard","meta":{"footnotes":""},"categories":[65],"tags":[72,70,71,34,31,33,32,30],"class_list":{"0":"post-124047","1":"post","2":"type-post","3":"status-publish","4":"format-standard","5":"has-post-thumbnail","7":"category-ekonomi","8":"tag-business","9":"tag-economy","10":"tag-ekonomi","11":"tag-se","12":"tag-svenska","13":"tag-sverige","14":"tag-sweden","15":"tag-swedish"},"share_on_mastodon":{"url":"https:\/\/pubeurope.com\/@se\/115827856040380516","error":""},"_links":{"self":[{"href":"https:\/\/www.europesays.com\/se\/wp-json\/wp\/v2\/posts\/124047","targetHints":{"allow":["GET"]}}],"collection":[{"href":"https:\/\/www.europesays.com\/se\/wp-json\/wp\/v2\/posts"}],"about":[{"href":"https:\/\/www.europesays.com\/se\/wp-json\/wp\/v2\/types\/post"}],"author":[{"embeddable":true,"href":"https:\/\/www.europesays.com\/se\/wp-json\/wp\/v2\/users\/2"}],"replies":[{"embeddable":true,"href":"https:\/\/www.europesays.com\/se\/wp-json\/wp\/v2\/comments?post=124047"}],"version-history":[{"count":0,"href":"https:\/\/www.europesays.com\/se\/wp-json\/wp\/v2\/posts\/124047\/revisions"}],"wp:featuredmedia":[{"embeddable":true,"href":"https:\/\/www.europesays.com\/se\/wp-json\/wp\/v2\/media\/124048"}],"wp:attachment":[{"href":"https:\/\/www.europesays.com\/se\/wp-json\/wp\/v2\/media?parent=124047"}],"wp:term":[{"taxonomy":"category","embeddable":true,"href":"https:\/\/www.europesays.com\/se\/wp-json\/wp\/v2\/categories?post=124047"},{"taxonomy":"post_tag","embeddable":true,"href":"https:\/\/www.europesays.com\/se\/wp-json\/wp\/v2\/tags?post=124047"}],"curies":[{"name":"wp","href":"https:\/\/api.w.org\/{rel}","templated":true}]}}