{"id":124049,"date":"2026-01-02T22:26:10","date_gmt":"2026-01-02T22:26:10","guid":{"rendered":"https:\/\/www.europesays.com\/se\/124049\/"},"modified":"2026-01-02T22:26:10","modified_gmt":"2026-01-02T22:26:10","slug":"trump-hotar-iran-efter-protester","status":"publish","type":"post","link":"https:\/\/www.europesays.com\/se\/124049\/","title":{"rendered":"Trump hotar Iran efter protester"},"content":{"rendered":"<p>USA:s president Donald Trump hotar att ingripa i Iran efter den senaste tidens d\u00f6dliga protester i landet. \u201dOm Iran skjuter och d\u00f6dar fredliga demonstranter, vilket \u00e4r deras sedv\u00e4nja, s\u00e5 kommer USA att komma till deras r\u00e4ddning\u201d, skriver Trump. <\/p>\n<p>Ali Larijani, talesman f\u00f6r det nationella s\u00e4kerhetsr\u00e5det i Iran, svarar att USA och Israel ligger bakom protesterna. <\/p>\n<p>Protester inleddes i Teheran i s\u00f6ndags med anledning av skenande kostnader och har spridit sig till andra delar av landet. Sex personer ska ha d\u00f6dats. I Teheran har 30 personer gripits. <\/p>\n","protected":false},"excerpt":{"rendered":"USA:s president Donald Trump hotar att ingripa i Iran efter den senaste tidens d\u00f6dliga protester i landet. \u201dOm&hellip;\n","protected":false},"author":2,"featured_media":793,"comment_status":"","ping_status":"","sticky":false,"template":"","format":"standard","meta":{"footnotes":""},"categories":[14],"tags":[22,23,26,27,17,21,24,25,28,29,15,16,18,34,31,33,32,30,19,20,51,52,53,54],"class_list":{"0":"post-124049","1":"post","2":"type-post","3":"status-publish","4":"format-standard","5":"has-post-thumbnail","7":"category-varlden","8":"tag-breaking-news","9":"tag-breakingnews","10":"tag-featured-news","11":"tag-featurednews","12":"tag-headlines","13":"tag-huvudnyheter","14":"tag-latest-news","15":"tag-latestnews","16":"tag-main-news","17":"tag-mainnews","18":"tag-news","19":"tag-nyheter","20":"tag-rubriker","21":"tag-se","22":"tag-svenska","23":"tag-sverige","24":"tag-sweden","25":"tag-swedish","26":"tag-top-stories","27":"tag-topstories","28":"tag-varlden","29":"tag-world","30":"tag-world-news","31":"tag-worldnews"},"share_on_mastodon":{"url":"https:\/\/pubeurope.com\/@se\/115827860014792782","error":""},"_links":{"self":[{"href":"https:\/\/www.europesays.com\/se\/wp-json\/wp\/v2\/posts\/124049","targetHints":{"allow":["GET"]}}],"collection":[{"href":"https:\/\/www.europesays.com\/se\/wp-json\/wp\/v2\/posts"}],"about":[{"href":"https:\/\/www.europesays.com\/se\/wp-json\/wp\/v2\/types\/post"}],"author":[{"embeddable":true,"href":"https:\/\/www.europesays.com\/se\/wp-json\/wp\/v2\/users\/2"}],"replies":[{"embeddable":true,"href":"https:\/\/www.europesays.com\/se\/wp-json\/wp\/v2\/comments?post=124049"}],"version-history":[{"count":0,"href":"https:\/\/www.europesays.com\/se\/wp-json\/wp\/v2\/posts\/124049\/revisions"}],"wp:featuredmedia":[{"embeddable":true,"href":"https:\/\/www.europesays.com\/se\/wp-json\/wp\/v2\/media\/793"}],"wp:attachment":[{"href":"https:\/\/www.europesays.com\/se\/wp-json\/wp\/v2\/media?parent=124049"}],"wp:term":[{"taxonomy":"category","embeddable":true,"href":"https:\/\/www.europesays.com\/se\/wp-json\/wp\/v2\/categories?post=124049"},{"taxonomy":"post_tag","embeddable":true,"href":"https:\/\/www.europesays.com\/se\/wp-json\/wp\/v2\/tags?post=124049"}],"curies":[{"name":"wp","href":"https:\/\/api.w.org\/{rel}","templated":true}]}}