{"id":124050,"date":"2026-01-02T22:27:03","date_gmt":"2026-01-02T22:27:03","guid":{"rendered":"https:\/\/www.europesays.com\/se\/124050\/"},"modified":"2026-01-02T22:27:03","modified_gmt":"2026-01-02T22:27:03","slug":"smhi-har-utfardat-orange-vadervarning-till-och-med-sondag","status":"publish","type":"post","link":"https:\/\/www.europesays.com\/se\/124050\/","title":{"rendered":"SMHI har utf\u00e4rdat orange v\u00e4dervarning till och med s\u00f6ndag"},"content":{"rendered":"<p>SMHI har utf\u00e4rdat en orange v\u00e4dervarning i de \u00f6stra delarna av Haninge till och med s\u00f6ndag klockan 12.00. V\u00e4dret kan leda till stora problem i trafiken. \u00c5k inte ut p\u00e5 v\u00e4garna om det inte \u00e4r n\u00f6dv\u00e4ndigt.\n<\/p>\n<p>SMHI varnar f\u00f6r tidvis kraftigt sn\u00f6fall i kombination med nordostlig frisk vind. V\u00e4dret kan leda till mycket besv\u00e4rliga trafikf\u00f6rh\u00e5llanden.<\/p>\n<p>Bra att t\u00e4nka p\u00e5:<\/p>\n<ul>\n<li>\u00c5k inte ut p\u00e5 v\u00e4garna om det inte \u00e4r n\u00f6dv\u00e4ndigt.<\/li>\n<li>F\u00f6lj parkeringsreglerna s\u00e5 att plogning kan genomf\u00f6ras.<\/li>\n<li>Det \u00e4r risk f\u00f6r f\u00f6rseningar och inst\u00e4llda avg\u00e5ngar f\u00f6r bussar och t\u00e5g.<\/li>\n<li>Det kan bli elbortfall i omr\u00e5den med luftburna elledningar, vilket \u00e4ven p\u00e5verkar mobila n\u00e4t f\u00f6r telekommunikationer.\u00a0<\/li>\n<li>Det finns risk f\u00f6r nedfallande tr\u00e4d.\u00a0<\/li>\n<\/ul>\n<p>Du hittar v\u00e4dervarningen f\u00f6r Haninge p\u00e5 SMHI:s webbplats:<br \/><a href=\"https:\/\/www.smhi.se\/vader\/prognoser-och-varningar\/varningar-och-meddelanden\/varningar\" rel=\"nofollow noopener\" target=\"_blank\">SMHI:s v\u00e4dervarning<\/a><\/p>\n<p>Kommunen arbetar f\u00f6r fullt med sn\u00f6r\u00f6jning och halkbek\u00e4mpning. St\u00f6rre gator och bussv\u00e4gar r\u00f6js f\u00f6rst, sedan g\u00e5ng- och cykelbanor, f\u00f6ljt av villagator.\u00a0\u00a0L\u00e4s mer om hur vi arbetar.<br \/><a href=\"https:\/\/www.haninge.se\/bygga-trafik-och-miljo\/trafik-och-gator\/skotsel-av-gator-och-vagar\/snorojning-och-renhallning\/\" rel=\"nofollow noopener\" target=\"_blank\">Sn\u00f6r\u00f6jning och halkbek\u00e4mpning<\/a><\/p>\n<p>Var r\u00e4dd om dig sj\u00e4lv och andra!<br \/>\u00a0<br \/>\u00a0<br \/>\u00a0<br \/>\u00a0<br \/>\u00a0<br \/>\u00a0<\/p>\n","protected":false},"excerpt":{"rendered":"SMHI har utf\u00e4rdat en orange v\u00e4dervarning i de \u00f6stra delarna av Haninge till och med s\u00f6ndag klockan 12.00.&hellip;\n","protected":false},"author":2,"featured_media":124051,"comment_status":"","ping_status":"","sticky":false,"template":"","format":"standard","meta":{"footnotes":""},"categories":[12],"tags":[22,23,26,27,17,21,24,25,28,29,15,16,18,34,31,33,32,30,19,20],"class_list":{"0":"post-124050","1":"post","2":"type-post","3":"status-publish","4":"format-standard","5":"has-post-thumbnail","7":"category-sverige","8":"tag-breaking-news","9":"tag-breakingnews","10":"tag-featured-news","11":"tag-featurednews","12":"tag-headlines","13":"tag-huvudnyheter","14":"tag-latest-news","15":"tag-latestnews","16":"tag-main-news","17":"tag-mainnews","18":"tag-news","19":"tag-nyheter","20":"tag-rubriker","21":"tag-se","22":"tag-svenska","23":"tag-sverige","24":"tag-sweden","25":"tag-swedish","26":"tag-top-stories","27":"tag-topstories"},"share_on_mastodon":{"url":"https:\/\/pubeurope.com\/@se\/115827863920487104","error":""},"_links":{"self":[{"href":"https:\/\/www.europesays.com\/se\/wp-json\/wp\/v2\/posts\/124050","targetHints":{"allow":["GET"]}}],"collection":[{"href":"https:\/\/www.europesays.com\/se\/wp-json\/wp\/v2\/posts"}],"about":[{"href":"https:\/\/www.europesays.com\/se\/wp-json\/wp\/v2\/types\/post"}],"author":[{"embeddable":true,"href":"https:\/\/www.europesays.com\/se\/wp-json\/wp\/v2\/users\/2"}],"replies":[{"embeddable":true,"href":"https:\/\/www.europesays.com\/se\/wp-json\/wp\/v2\/comments?post=124050"}],"version-history":[{"count":0,"href":"https:\/\/www.europesays.com\/se\/wp-json\/wp\/v2\/posts\/124050\/revisions"}],"wp:featuredmedia":[{"embeddable":true,"href":"https:\/\/www.europesays.com\/se\/wp-json\/wp\/v2\/media\/124051"}],"wp:attachment":[{"href":"https:\/\/www.europesays.com\/se\/wp-json\/wp\/v2\/media?parent=124050"}],"wp:term":[{"taxonomy":"category","embeddable":true,"href":"https:\/\/www.europesays.com\/se\/wp-json\/wp\/v2\/categories?post=124050"},{"taxonomy":"post_tag","embeddable":true,"href":"https:\/\/www.europesays.com\/se\/wp-json\/wp\/v2\/tags?post=124050"}],"curies":[{"name":"wp","href":"https:\/\/api.w.org\/{rel}","templated":true}]}}