{"id":124052,"date":"2026-01-02T22:28:07","date_gmt":"2026-01-02T22:28:07","guid":{"rendered":"https:\/\/www.europesays.com\/se\/124052\/"},"modified":"2026-01-02T22:28:07","modified_gmt":"2026-01-02T22:28:07","slug":"sverige-vidare-till-semi-i-jvm","status":"publish","type":"post","link":"https:\/\/www.europesays.com\/se\/124052\/","title":{"rendered":"Sverige vidare till semi i JVM"},"content":{"rendered":"<p>Sverige kunde p\u00e5 fredagen planenligt ta sig vidare till semifinal i JVM. Det blev en klar seger med 6-3 mot Lettland i Grand Casino Arena.<\/p>\n<p>Sverige kontrollerade det mesta av matchen redan fr\u00e5n f\u00f6rsta tekning. Efter bara tio sekunder gjorde Anton Frondell 1-0 till Sverige.<\/p>\n<p>\u2013 Vi ville g\u00e5 ut och s\u00e4tta lite ton i matchen och skaffa bra energi. Sen lyckas jag f\u00e5 pucken p\u00e5 min klubba p\u00e5 n\u00e5got s\u00e4tt, s\u00e4ger Frondell om 1-0-m\u00e5let till SVT efter matchen.<\/p>\n<p>Lettland kvitterade sedan till 1-1, men en replik fr\u00e5n lagkapten Jack Berglund s\u00e5g till att Sverige gick till pausvila i ledning. Sverige kunde sedan g\u00e5 ifr\u00e5n \u2013 men resan var inte helt spikrak.<\/p>\n<p><strong>EN V\u00c4CKARKLOCKA TROTS DR\u00d6MSTARTEN<\/strong><\/p>\n<p>Tio sekunder tog det allts\u00e5 f\u00f6r Sverige att g\u00f6ra 1-0. M\u00e5nga trodde nog att det skulle bli en enkel resa efter det. Men s\u00e5 blev det inte \u2013 till en b\u00f6rjan. Sverige fick h\u00e5lla \u00f6dmjukheten uppe, f\u00f6r trots att spel\u00f6vertaget fanns d\u00e4r kunde Lettland kvittera till 1-1. Hade det inte varit f\u00f6r Berglunds 2-1-m\u00e5l i slutet av \u00f6ppningsperioden hade matchen kunnat ta en annan riktning.<\/p>\n<p>\u2013 Stundtals \u00e4r vi b\u00e4ttre \u00e4n i vissa stunder. Vi har bra effektivitet och Anton s\u00e4tter standard fr\u00e5n start efter tio sekunder. Men det g\u00e5r att spela b\u00e4ttre ocks\u00e5. Vi tappar puck lite f\u00f6r mycket och de f\u00e5r kontringar \u2026 de f\u00e5r \u00e4nd\u00e5 en chans, sa forwarden Viggo Bj\u00f6rck till SVT.<\/p>\n<p>Det dr\u00f6jde till 14:05 av mittperioden innan det blev 3-1 (Sascha Boumedienne). Det k\u00e4ndes som att det var f\u00f6rst d\u00e5 som de svenska spelarna kunde s\u00e4nka axlarna. 1:35 senare kom n\u00e4mligen 4-1 genom Felix Carell. Rycket var viktigt f\u00f6r Sverige som till slut kunde vinna komfortabelt.<\/p>\n<p>\u2013 En match i taget bara. Nu \u00e4r det i \u00f6vermorgon vi spelar. S\u00e5 allt fokus p\u00e5 den, sa Frondell.<\/p>\n<p>En bra l\u00e4ropeng f\u00f6r det svenska laget om inget annat.<\/p>\n","protected":false},"excerpt":{"rendered":"Sverige kunde p\u00e5 fredagen planenligt ta sig vidare till semifinal i JVM. Det blev en klar seger med&hellip;\n","protected":false},"author":2,"featured_media":124053,"comment_status":"","ping_status":"","sticky":false,"template":"","format":"standard","meta":{"footnotes":""},"categories":[5],"tags":[22,23,26,27,17,21,24,25,28,29,15,16,18,34,31,33,32,30,19,20],"class_list":{"0":"post-124052","1":"post","2":"type-post","3":"status-publish","4":"format-standard","5":"has-post-thumbnail","7":"category-rubriker","8":"tag-breaking-news","9":"tag-breakingnews","10":"tag-featured-news","11":"tag-featurednews","12":"tag-headlines","13":"tag-huvudnyheter","14":"tag-latest-news","15":"tag-latestnews","16":"tag-main-news","17":"tag-mainnews","18":"tag-news","19":"tag-nyheter","20":"tag-rubriker","21":"tag-se","22":"tag-svenska","23":"tag-sverige","24":"tag-sweden","25":"tag-swedish","26":"tag-top-stories","27":"tag-topstories"},"share_on_mastodon":{"url":"https:\/\/pubeurope.com\/@se\/115827867801438328","error":""},"_links":{"self":[{"href":"https:\/\/www.europesays.com\/se\/wp-json\/wp\/v2\/posts\/124052","targetHints":{"allow":["GET"]}}],"collection":[{"href":"https:\/\/www.europesays.com\/se\/wp-json\/wp\/v2\/posts"}],"about":[{"href":"https:\/\/www.europesays.com\/se\/wp-json\/wp\/v2\/types\/post"}],"author":[{"embeddable":true,"href":"https:\/\/www.europesays.com\/se\/wp-json\/wp\/v2\/users\/2"}],"replies":[{"embeddable":true,"href":"https:\/\/www.europesays.com\/se\/wp-json\/wp\/v2\/comments?post=124052"}],"version-history":[{"count":0,"href":"https:\/\/www.europesays.com\/se\/wp-json\/wp\/v2\/posts\/124052\/revisions"}],"wp:featuredmedia":[{"embeddable":true,"href":"https:\/\/www.europesays.com\/se\/wp-json\/wp\/v2\/media\/124053"}],"wp:attachment":[{"href":"https:\/\/www.europesays.com\/se\/wp-json\/wp\/v2\/media?parent=124052"}],"wp:term":[{"taxonomy":"category","embeddable":true,"href":"https:\/\/www.europesays.com\/se\/wp-json\/wp\/v2\/categories?post=124052"},{"taxonomy":"post_tag","embeddable":true,"href":"https:\/\/www.europesays.com\/se\/wp-json\/wp\/v2\/tags?post=124052"}],"curies":[{"name":"wp","href":"https:\/\/api.w.org\/{rel}","templated":true}]}}