{"id":124056,"date":"2026-01-02T22:45:17","date_gmt":"2026-01-02T22:45:17","guid":{"rendered":"https:\/\/www.europesays.com\/se\/124056\/"},"modified":"2026-01-02T22:45:17","modified_gmt":"2026-01-02T22:45:17","slug":"almtunas-nyarssmall-tranaren-ryter-ifran-det-ar-inte-okej","status":"publish","type":"post","link":"https:\/\/www.europesays.com\/se\/124056\/","title":{"rendered":"Almtunas ny\u00e5rssm\u00e4ll \u2013 tr\u00e4naren ryter ifr\u00e5n: &#8221;Det \u00e4r inte okej&#8221;"},"content":{"rendered":"<p>Efter 2\u20130 hemma mot V\u00e4ster\u00e5s i m\u00e5ndags fanns s\u00e4kert f\u00f6rhoppningar om att kunna rida vidare p\u00e5 det fyra dagar senare p\u00e5 2026 \u00e5rs f\u00f6rsta match.Men prestationen fr\u00e5n hemmalaget var lika svag resultat, 2\u20135 mot \u00d6stersund.\u2013 Jag tycker att det var en svag inst\u00e4llning. Vi kom ut tunt och jag tycker inte att vi var f\u00f6rberedda f\u00f6r den h\u00e4r matchen. Det sitter i huvudet p\u00e5 var oc<\/p>\n","protected":false},"excerpt":{"rendered":"Efter 2\u20130 hemma mot V\u00e4ster\u00e5s i m\u00e5ndags fanns s\u00e4kert f\u00f6rhoppningar om att kunna rida vidare p\u00e5 det fyra&hellip;\n","protected":false},"author":2,"featured_media":124057,"comment_status":"","ping_status":"","sticky":false,"template":"","format":"standard","meta":{"footnotes":""},"categories":[5],"tags":[22,23,26,27,17,21,24,25,28,29,15,16,18,34,31,33,32,30,19,20],"class_list":{"0":"post-124056","1":"post","2":"type-post","3":"status-publish","4":"format-standard","5":"has-post-thumbnail","7":"category-rubriker","8":"tag-breaking-news","9":"tag-breakingnews","10":"tag-featured-news","11":"tag-featurednews","12":"tag-headlines","13":"tag-huvudnyheter","14":"tag-latest-news","15":"tag-latestnews","16":"tag-main-news","17":"tag-mainnews","18":"tag-news","19":"tag-nyheter","20":"tag-rubriker","21":"tag-se","22":"tag-svenska","23":"tag-sverige","24":"tag-sweden","25":"tag-swedish","26":"tag-top-stories","27":"tag-topstories"},"share_on_mastodon":{"url":"https:\/\/pubeurope.com\/@se\/115827934633130026","error":""},"_links":{"self":[{"href":"https:\/\/www.europesays.com\/se\/wp-json\/wp\/v2\/posts\/124056","targetHints":{"allow":["GET"]}}],"collection":[{"href":"https:\/\/www.europesays.com\/se\/wp-json\/wp\/v2\/posts"}],"about":[{"href":"https:\/\/www.europesays.com\/se\/wp-json\/wp\/v2\/types\/post"}],"author":[{"embeddable":true,"href":"https:\/\/www.europesays.com\/se\/wp-json\/wp\/v2\/users\/2"}],"replies":[{"embeddable":true,"href":"https:\/\/www.europesays.com\/se\/wp-json\/wp\/v2\/comments?post=124056"}],"version-history":[{"count":0,"href":"https:\/\/www.europesays.com\/se\/wp-json\/wp\/v2\/posts\/124056\/revisions"}],"wp:featuredmedia":[{"embeddable":true,"href":"https:\/\/www.europesays.com\/se\/wp-json\/wp\/v2\/media\/124057"}],"wp:attachment":[{"href":"https:\/\/www.europesays.com\/se\/wp-json\/wp\/v2\/media?parent=124056"}],"wp:term":[{"taxonomy":"category","embeddable":true,"href":"https:\/\/www.europesays.com\/se\/wp-json\/wp\/v2\/categories?post=124056"},{"taxonomy":"post_tag","embeddable":true,"href":"https:\/\/www.europesays.com\/se\/wp-json\/wp\/v2\/tags?post=124056"}],"curies":[{"name":"wp","href":"https:\/\/api.w.org\/{rel}","templated":true}]}}