{"id":124058,"date":"2026-01-02T22:47:13","date_gmt":"2026-01-02T22:47:13","guid":{"rendered":"https:\/\/www.europesays.com\/se\/124058\/"},"modified":"2026-01-02T22:47:13","modified_gmt":"2026-01-02T22:47:13","slug":"katharina-liensberger-missar-os-2026-pa-grund-av-knaskada","status":"publish","type":"post","link":"https:\/\/www.europesays.com\/se\/124058\/","title":{"rendered":"Katharina Liensberger missar OS 2026 p\u00e5 grund av kn\u00e4skada."},"content":{"rendered":"<p>Publicerad 2 jan 2026 kl 19.58Uppdaterad kl 21.46<\/p>\n<p>OS-silvermedalj\u00f6ren i slalom 2022, Katharina Liensberger, \u00e4r kn\u00e4skadad och missar OS i Italien.\u00a0<\/p>\n<p>F\u00f6rsvann helt \u2013 s\u00e5 lever hon i dag<img   alt=\"\"\/><\/p>\n<p>Den 28-\u00e5riga \u00f6sterrikiskan Katharina Liensberger missar OS.<\/p>\n<p>Foto: GEPA PICTURES\/ WOLFGANG GREBIEN \/ GEPA PICTURES BILDBYR\u00c5N<\/p>\n<p>\u00d6ppna bild i helsk\u00e4rm<\/p>\n<p>Den 28-\u00e5riga \u00f6sterrikiskan fick en sv\u00e5r kn\u00e4skada n\u00e4r hon f\u00f6ll under storslalomtr\u00e4ning inf\u00f6r helgens v\u00e4rldscupt\u00e4vlingar i Kranjska Gora, Slovenien.<\/p>\n<p>Hon har f\u00e5tt en fraktur, meniskskada och en ligamentskada i h\u00f6gra kn\u00e4t.<\/p>\n<p>Katharina Liensberger kom fyra i slalom i Semmering f\u00f6rra helgen och var en av favoriterna i slalom inf\u00f6r OS i Milano och Cortina, d\u00e4r damt\u00e4vlingarna i alpint avg\u00f6rs i Cortina. Det var i just Cortina som hon tog VM-guld 2021. \u00c5ret d\u00e4rp\u00e5 kom hon tv\u00e5a i slalom i OS i Peking.<\/p>\n","protected":false},"excerpt":{"rendered":"Publicerad 2 jan 2026 kl 19.58Uppdaterad kl 21.46 OS-silvermedalj\u00f6ren i slalom 2022, Katharina Liensberger, \u00e4r kn\u00e4skadad och missar&hellip;\n","protected":false},"author":2,"featured_media":124059,"comment_status":"","ping_status":"","sticky":false,"template":"","format":"standard","meta":{"footnotes":""},"categories":[68],"tags":[34,1175,111,110,31,33,32,30],"class_list":{"0":"post-124058","1":"post","2":"type-post","3":"status-publish","4":"format-standard","5":"has-post-thumbnail","7":"category-sport","8":"tag-se","9":"tag-sections-alpint","10":"tag-sport","11":"tag-sports","12":"tag-svenska","13":"tag-sverige","14":"tag-sweden","15":"tag-swedish"},"share_on_mastodon":{"url":"https:\/\/pubeurope.com\/@se\/115827942500595388","error":""},"_links":{"self":[{"href":"https:\/\/www.europesays.com\/se\/wp-json\/wp\/v2\/posts\/124058","targetHints":{"allow":["GET"]}}],"collection":[{"href":"https:\/\/www.europesays.com\/se\/wp-json\/wp\/v2\/posts"}],"about":[{"href":"https:\/\/www.europesays.com\/se\/wp-json\/wp\/v2\/types\/post"}],"author":[{"embeddable":true,"href":"https:\/\/www.europesays.com\/se\/wp-json\/wp\/v2\/users\/2"}],"replies":[{"embeddable":true,"href":"https:\/\/www.europesays.com\/se\/wp-json\/wp\/v2\/comments?post=124058"}],"version-history":[{"count":0,"href":"https:\/\/www.europesays.com\/se\/wp-json\/wp\/v2\/posts\/124058\/revisions"}],"wp:featuredmedia":[{"embeddable":true,"href":"https:\/\/www.europesays.com\/se\/wp-json\/wp\/v2\/media\/124059"}],"wp:attachment":[{"href":"https:\/\/www.europesays.com\/se\/wp-json\/wp\/v2\/media?parent=124058"}],"wp:term":[{"taxonomy":"category","embeddable":true,"href":"https:\/\/www.europesays.com\/se\/wp-json\/wp\/v2\/categories?post=124058"},{"taxonomy":"post_tag","embeddable":true,"href":"https:\/\/www.europesays.com\/se\/wp-json\/wp\/v2\/tags?post=124058"}],"curies":[{"name":"wp","href":"https:\/\/api.w.org\/{rel}","templated":true}]}}