{"id":124062,"date":"2026-01-02T23:16:12","date_gmt":"2026-01-02T23:16:12","guid":{"rendered":"https:\/\/www.europesays.com\/se\/124062\/"},"modified":"2026-01-02T23:16:12","modified_gmt":"2026-01-02T23:16:12","slug":"kvinna-i-colorado-dodad-av-puma","status":"publish","type":"post","link":"https:\/\/www.europesays.com\/se\/124062\/","title":{"rendered":"Kvinna i Colorado d\u00f6dad av puma"},"content":{"rendered":"<p>En kvinna tros ha d\u00f6dats av en eller flera pumor under en vandringstur i Colorado i USA, rapporterar ABC News. Andra vandrare hittade kvinnan och larmade myndigheterna samtidigt som de kastade stenar mot en puma som befann sig bredvid kroppen. <\/p>\n<p>Det \u00e4r oklart om ett eller flera djur attackerat kvinnan. <\/p>\n<p>Det finns mellan 3\u202f800 och 4\u202f400 vilda pumor i Colorado men d\u00f6dliga attacker \u00e4r ytterst ovanliga. Senast det h\u00e4nde i delstaten var 1999.<\/p>\n<p>Omni \u00e4r politiskt obundna och oberoende. Vi str\u00e4var efter att ge fler perspektiv p\u00e5 nyheterna. Har du fr\u00e5gor eller synpunkter kring v\u00e5r rapportering? <a href=\"https:\/\/omni.se\/kvinna-i-colorado-dodad-av-puma\/a\/mailto:redaktion@omni.se\" class=\"ArticleActions_contactLink__W2F1M\" rel=\"nofollow noopener\" target=\"_blank\">Kontakta redaktionen<\/a><\/p>\n","protected":false},"excerpt":{"rendered":"En kvinna tros ha d\u00f6dats av en eller flera pumor under en vandringstur i Colorado i USA, rapporterar&hellip;\n","protected":false},"author":2,"featured_media":124063,"comment_status":"","ping_status":"","sticky":false,"template":"","format":"standard","meta":{"footnotes":""},"categories":[14],"tags":[22,23,415,26,27,17,21,24,25,28,29,15,268,16,18,34,31,33,32,30,19,20,74,51,52,53,54],"class_list":{"0":"post-124062","1":"post","2":"type-post","3":"status-publish","4":"format-standard","5":"has-post-thumbnail","7":"category-varlden","8":"tag-breaking-news","9":"tag-breakingnews","10":"tag-djur-natur","11":"tag-featured-news","12":"tag-featurednews","13":"tag-headlines","14":"tag-huvudnyheter","15":"tag-latest-news","16":"tag-latestnews","17":"tag-main-news","18":"tag-mainnews","19":"tag-news","20":"tag-nordamerika","21":"tag-nyheter","22":"tag-rubriker","23":"tag-se","24":"tag-svenska","25":"tag-sverige","26":"tag-sweden","27":"tag-swedish","28":"tag-top-stories","29":"tag-topstories","30":"tag-usa","31":"tag-varlden","32":"tag-world","33":"tag-world-news","34":"tag-worldnews"},"share_on_mastodon":{"url":"https:\/\/pubeurope.com\/@se\/115828056667257161","error":""},"_links":{"self":[{"href":"https:\/\/www.europesays.com\/se\/wp-json\/wp\/v2\/posts\/124062","targetHints":{"allow":["GET"]}}],"collection":[{"href":"https:\/\/www.europesays.com\/se\/wp-json\/wp\/v2\/posts"}],"about":[{"href":"https:\/\/www.europesays.com\/se\/wp-json\/wp\/v2\/types\/post"}],"author":[{"embeddable":true,"href":"https:\/\/www.europesays.com\/se\/wp-json\/wp\/v2\/users\/2"}],"replies":[{"embeddable":true,"href":"https:\/\/www.europesays.com\/se\/wp-json\/wp\/v2\/comments?post=124062"}],"version-history":[{"count":0,"href":"https:\/\/www.europesays.com\/se\/wp-json\/wp\/v2\/posts\/124062\/revisions"}],"wp:featuredmedia":[{"embeddable":true,"href":"https:\/\/www.europesays.com\/se\/wp-json\/wp\/v2\/media\/124063"}],"wp:attachment":[{"href":"https:\/\/www.europesays.com\/se\/wp-json\/wp\/v2\/media?parent=124062"}],"wp:term":[{"taxonomy":"category","embeddable":true,"href":"https:\/\/www.europesays.com\/se\/wp-json\/wp\/v2\/categories?post=124062"},{"taxonomy":"post_tag","embeddable":true,"href":"https:\/\/www.europesays.com\/se\/wp-json\/wp\/v2\/tags?post=124062"}],"curies":[{"name":"wp","href":"https:\/\/api.w.org\/{rel}","templated":true}]}}