{"id":124078,"date":"2026-01-02T23:31:06","date_gmt":"2026-01-02T23:31:06","guid":{"rendered":"https:\/\/www.europesays.com\/se\/124078\/"},"modified":"2026-01-02T23:31:06","modified_gmt":"2026-01-02T23:31:06","slug":"alan-hade-en-hobby-det-blev-hans-dod","status":"publish","type":"post","link":"https:\/\/www.europesays.com\/se\/124078\/","title":{"rendered":"Alan hade en hobby\n\u2013 det blev hans d\u00f6d"},"content":{"rendered":"<p>Publicerad 3 jan 2026 kl 00.01Uppdaterad kl 00.19<\/p>\n<p>Alan Ransom hade biodling som hobby.<\/p>\n<p>Det blev 55-\u00e5ringens d\u00f6d, skriver <a href=\"https:\/\/metro.co.uk\/2026\/01\/02\/amateur-beekeeper-dies-stung-without-helmet-26011727\/\" rel=\"nofollow noopener\" target=\"_blank\">Metro<\/a>.<\/p>\n<p>Nu har d\u00f6dsorsaken fastst\u00e4llts.<\/p>\n<p>Senaste nyhetsklippen fr\u00e5n Expressen.<img   alt=\"\"\/><\/p>\n<p>Alan Ransom.<\/p>\n<p>Foto: Youtube<\/p>\n<p>\u00d6ppna bild i helsk\u00e4rm<\/p>\n<p>Britten Alan Ransom arbetade som civilingenj\u00f6r f\u00f6r ett v\u00e4gunderh\u00e5llsf\u00f6retag. Men han beskrev sig sj\u00e4lv som en \u201dhobby-biodlare\u201d, n\u00e5got han hade flera \u00e5rs erfarenhet av.<\/p>\n<p>Han hade flera bikupor p\u00e5 Isle of Wight vilket vanligtvis gav ett 40-tal burkar honung om \u00e5ret. F\u00f6r tre \u00e5r sedan omplacerade han en sv\u00e4rm p\u00e5 cirka 2 000 bin, som hade slagit sig ner p\u00e5 en parkering p\u00e5 Isle of Wight, till sina bikupor.<\/p>\n<p>Ransom drev ocks\u00e5 en Youtube-kanal d\u00e4r han delade videor om biodling. Han dokumenterade \u201dmina misstag och mina framg\u00e5ngar i min str\u00e4van att g\u00e5 fr\u00e5n att vara en komplett nyb\u00f6rjare till en mer erfaren och m\u00e5ngsidig biodlare\u201d, enligt kanalbeskrivningen.<\/p>\n<p>I maj 2024 dog Ransom. Han blev 55 \u00e5r.<\/p>\n<p>D\u00f6dsorsaken har nu fastst\u00e4llts i den r\u00e4ttsliga unders\u00f6kningen. R\u00e4ttsl\u00e4karen Caroline Sumeray fastslog p\u00e5 fredagen att Ransom dog av anafylaktisk chock som orsakades av \u201dett bistick i v\u00e4nster \u00f6ra efter att han inte bar en biodlarm\u00f6ssa\u201d.<\/p>\n<p>Hans d\u00f6d betraktades som ett \u201dmiss\u00f6de\u201d.<\/p>\n","protected":false},"excerpt":{"rendered":"Publicerad 3 jan 2026 kl 00.01Uppdaterad kl 00.19 Alan Ransom hade biodling som hobby. Det blev 55-\u00e5ringens d\u00f6d,&hellip;\n","protected":false},"author":2,"featured_media":124079,"comment_status":"","ping_status":"","sticky":false,"template":"","format":"standard","meta":{"footnotes":""},"categories":[65],"tags":[72,70,71,199,34,55,31,33,32,30],"class_list":{"0":"post-124078","1":"post","2":"type-post","3":"status-publish","4":"format-standard","5":"has-post-thumbnail","7":"category-ekonomi","8":"tag-business","9":"tag-economy","10":"tag-ekonomi","11":"tag-location-storbritannien","12":"tag-se","13":"tag-sections-varlden","14":"tag-svenska","15":"tag-sverige","16":"tag-sweden","17":"tag-swedish"},"share_on_mastodon":{"url":"https:\/\/pubeurope.com\/@se\/115828115522818881","error":""},"_links":{"self":[{"href":"https:\/\/www.europesays.com\/se\/wp-json\/wp\/v2\/posts\/124078","targetHints":{"allow":["GET"]}}],"collection":[{"href":"https:\/\/www.europesays.com\/se\/wp-json\/wp\/v2\/posts"}],"about":[{"href":"https:\/\/www.europesays.com\/se\/wp-json\/wp\/v2\/types\/post"}],"author":[{"embeddable":true,"href":"https:\/\/www.europesays.com\/se\/wp-json\/wp\/v2\/users\/2"}],"replies":[{"embeddable":true,"href":"https:\/\/www.europesays.com\/se\/wp-json\/wp\/v2\/comments?post=124078"}],"version-history":[{"count":0,"href":"https:\/\/www.europesays.com\/se\/wp-json\/wp\/v2\/posts\/124078\/revisions"}],"wp:featuredmedia":[{"embeddable":true,"href":"https:\/\/www.europesays.com\/se\/wp-json\/wp\/v2\/media\/124079"}],"wp:attachment":[{"href":"https:\/\/www.europesays.com\/se\/wp-json\/wp\/v2\/media?parent=124078"}],"wp:term":[{"taxonomy":"category","embeddable":true,"href":"https:\/\/www.europesays.com\/se\/wp-json\/wp\/v2\/categories?post=124078"},{"taxonomy":"post_tag","embeddable":true,"href":"https:\/\/www.europesays.com\/se\/wp-json\/wp\/v2\/tags?post=124078"}],"curies":[{"name":"wp","href":"https:\/\/api.w.org\/{rel}","templated":true}]}}