{"id":124112,"date":"2026-01-03T01:50:31","date_gmt":"2026-01-03T01:50:31","guid":{"rendered":"https:\/\/www.europesays.com\/se\/124112\/"},"modified":"2026-01-03T01:50:31","modified_gmt":"2026-01-03T01:50:31","slug":"valdes-till-manadens-tranare-sa-sent-som-i-november-nu-sparkar-chelsea-enzo-maresca-sport","status":"publish","type":"post","link":"https:\/\/www.europesays.com\/se\/124112\/","title":{"rendered":"Valdes till m\u00e5nadens tr\u00e4nare s\u00e5 sent som i november \u2013 nu sparkar Chelsea Enzo Maresca | Sport"},"content":{"rendered":"<p class=\"aw-1gybjub aw-5vja16 kEtdKx kmuxyA yle__article__paragraph\">F\u00f6r mindre \u00e4n ett halv\u00e5r sedan lotsade han Chelsea till VM-titeln f\u00f6r klubblag. Nu tvingas Enzo Maresca l\u00e4mna Chelsea.<\/p>\n<p><img decoding=\"async\" alt=\"Enzo Maresca blickar ned\u00e5t.\" src=\"https:\/\/www.europesays.com\/se\/wp-content\/uploads\/2026\/01\/39-1576315695674601b4de.jpeg\" class=\"aw-1l9m598 hKVVvP\"\/><\/p>\n<p>\u00d6ppna bildvisare<\/p>\n<p>Enzo Maresca rapporteras ha haft en frostig relation med klubbledningen. Bild: Kieran McManus \/ All Over PressLyssna (du h\u00f6r en artificiell r\u00f6st) 1:13<\/p>\n<p class=\"aw-1gybjub aw-1p7kakr kEtdKx cEmitX yle__article__paragraph\">Italienaren Enzo Maresca tog \u00f6ver Chelsea inf\u00f6r f\u00f6rra s\u00e4songen och har i stunder verkat ha f\u00e5tt fason p\u00e5 den stora spelarkarusell som Londonlaget drivit under \u00e4garen Todd Boehlys styre.<\/p>\n<p class=\"aw-1gybjub aw-1p7kakr kEtdKx cEmitX yle__article__paragraph\">I somras tog Chelsea hem klubblags-VM och s\u00e5 sent som i november valdes Maresca till m\u00e5nadens tr\u00e4nare i Premier League. Men efter bara tv\u00e5 segrar p\u00e5 de nio senaste matcherna kickas tr\u00e4naren.<\/p>\n<p class=\"aw-1gybjub aw-1p7kakr kEtdKx cEmitX yle__article__paragraph\">\u201dEnzo och klubben anser att en f\u00f6r\u00e4ndring ger laget de b\u00e4sta f\u00f6ruts\u00e4ttningarna f\u00f6r att f\u00e5 s\u00e4songen tillbaka p\u00e5 r\u00e4tt sp\u00e5r\u201d, skriver Chelsea <a class=\"aw-iao6s4 iHOxEa yle__article__link\" href=\"https:\/\/www.chelseafc.com\/en\/news\/article\/club-statement-enzo-maresca\" role=\"link\" rel=\"nofollow noopener\" target=\"_blank\">i ett pressmeddelande.<\/a><\/p>\n<p class=\"aw-1gybjub aw-1p7kakr kEtdKx cEmitX yle__article__paragraph\">I bakgrunden finns dessutom m\u00e5nader av rapporterad os\u00e4mja mellan Maresca och klubbledningen.<\/p>\n<p class=\"aw-1gybjub aw-1p7kakr kEtdKx cEmitX yle__article__paragraph\">De kyliga relationerna kulminerade efter segern \u00f6ver Everton f\u00f6rra m\u00e5naden. Maresca konstaterade <a class=\"aw-iao6s4 iHOxEa yle__article__link\" href=\"https:\/\/www.skysports.com\/football\/news\/11095\/13483075\/enzo-marescas-cryptic-chelsea-revelation-causes-confusion-worst-48-hours-at-the-club\" role=\"link\" rel=\"nofollow noopener\" target=\"_blank\">d\u00e5 f\u00f6r pressen<\/a> att \u201dde senaste 48 timmarna varit hans v\u00e4rsta sedan han kom till klubben\u201d.<\/p>\n<p class=\"aw-1gybjub aw-1p7kakr kEtdKx cEmitX yle__article__paragraph\">Chelsea ligger f\u00f6r tillf\u00e4llet p\u00e5 femte plats i ligan. P\u00e5 s\u00f6ndagen v\u00e4ntar tabelltv\u00e5an Manchester City.<\/p>\n","protected":false},"excerpt":{"rendered":"F\u00f6r mindre \u00e4n ett halv\u00e5r sedan lotsade han Chelsea till VM-titeln f\u00f6r klubblag. Nu tvingas Enzo Maresca l\u00e4mna&hellip;\n","protected":false},"author":2,"featured_media":124113,"comment_status":"","ping_status":"","sticky":false,"template":"","format":"standard","meta":{"footnotes":""},"categories":[68],"tags":[5433,13030,138,13032,140,34,111,110,31,33,32,30,13031,579],"class_list":{"0":"post-124112","1":"post","2":"type-post","3":"status-publish","4":"format-standard","5":"has-post-thumbnail","7":"category-sport","8":"tag-chelsea-fc","9":"tag-enzo-maresca","10":"tag-fotboll","11":"tag-fotboll-i-storbritannien","12":"tag-premier-league","13":"tag-se","14":"tag-sport","15":"tag-sports","16":"tag-svenska","17":"tag-sverige","18":"tag-sweden","19":"tag-swedish","20":"tag-tranare","21":"tag-yle-sporten"},"share_on_mastodon":{"url":"https:\/\/pubeurope.com\/@se\/115828662128271064","error":""},"_links":{"self":[{"href":"https:\/\/www.europesays.com\/se\/wp-json\/wp\/v2\/posts\/124112","targetHints":{"allow":["GET"]}}],"collection":[{"href":"https:\/\/www.europesays.com\/se\/wp-json\/wp\/v2\/posts"}],"about":[{"href":"https:\/\/www.europesays.com\/se\/wp-json\/wp\/v2\/types\/post"}],"author":[{"embeddable":true,"href":"https:\/\/www.europesays.com\/se\/wp-json\/wp\/v2\/users\/2"}],"replies":[{"embeddable":true,"href":"https:\/\/www.europesays.com\/se\/wp-json\/wp\/v2\/comments?post=124112"}],"version-history":[{"count":0,"href":"https:\/\/www.europesays.com\/se\/wp-json\/wp\/v2\/posts\/124112\/revisions"}],"wp:featuredmedia":[{"embeddable":true,"href":"https:\/\/www.europesays.com\/se\/wp-json\/wp\/v2\/media\/124113"}],"wp:attachment":[{"href":"https:\/\/www.europesays.com\/se\/wp-json\/wp\/v2\/media?parent=124112"}],"wp:term":[{"taxonomy":"category","embeddable":true,"href":"https:\/\/www.europesays.com\/se\/wp-json\/wp\/v2\/categories?post=124112"},{"taxonomy":"post_tag","embeddable":true,"href":"https:\/\/www.europesays.com\/se\/wp-json\/wp\/v2\/tags?post=124112"}],"curies":[{"name":"wp","href":"https:\/\/api.w.org\/{rel}","templated":true}]}}