{"id":124119,"date":"2026-01-03T02:36:10","date_gmt":"2026-01-03T02:36:10","guid":{"rendered":"https:\/\/www.europesays.com\/se\/124119\/"},"modified":"2026-01-03T02:36:10","modified_gmt":"2026-01-03T02:36:10","slug":"putin-lurad-i-spektakular-mordbluff","status":"publish","type":"post","link":"https:\/\/www.europesays.com\/se\/124119\/","title":{"rendered":"Putin lurad i spektakul\u00e4r mordbluff"},"content":{"rendered":"<p>Publicerad 2 jan 2026 kl 22.32Uppdaterad 3 jan kl 02.24<\/p>\n<p>Det rapporterades att kontroversielle milisledaren Denis Kapustin hade d\u00f6dats i en rysk dr\u00f6narattack.<\/p>\n<p>Men allt var en bluff fr\u00e5n ukrainskt h\u00e5ll f\u00f6r att lura Putin och Ryssland.<\/p>\n<p>\u2013 V\u00e4lkommen tillbaka till livet, s\u00e4ger ukrainska underr\u00e4ttelsechefen till Kapustin i en ny video.<\/p>\n<p>Senaste klippen om kriget i Ukraina.<img   alt=\"\"\/><\/p>\n<p>Denis Kapustin.<\/p>\n<p>\u00d6ppna bild i helsk\u00e4rm<img loading=\"lazy\"   alt=\"\"\/><\/p>\n<p>Vladimir Putin.<\/p>\n<p>Foto: MIKHAIL METZEL \/ AP TT NYHETSBYR\u00c5N<\/p>\n<p>\u00d6ppna bild i helsk\u00e4rm<\/p>\n<p>Ryskf\u00f6dde Denis Kapustin \u00e4r ledare och grundare f\u00f6r frivilliglegionen RDK som strider mot Ryssland i <a href=\"https:\/\/www.expressen.se\/tagg\/location\/ukraina\/\" class=\"\" rel=\"nofollow noopener\" target=\"_blank\">Ukraina<\/a>. Han har beskrivits som allt fr\u00e5n \u201den av Europas farligaste h\u00f6gerextremister\u201d till \u201dkrigshj\u00e4lte i Ukraina\u201d, enligt Sveriges Radio.<\/p>\n<p>Kapustin har st\u00e4mplats som terrorist av Ryssland och tyska myndigheter har identifierat honom som nynazist. I en intervju 2023 medgav Kapustin att han var h\u00f6gerorienterad men avf\u00e4rdade etiketten \u201dnynazist\u201d.<\/p>\n<p>\u2013 Ni kommer aldrig att hitta mig med handen upph\u00f6jd i en Hitlerh\u00e4lsning, sade Kapustin enligt Kyiv Independent.<\/p>\n<p>Eftersom Kapustin stridit p\u00e5 Ukrainas sida i kriget har det gjort honom till ett uttalat m\u00e5l f\u00f6r Ryssland. Den 27 december rapporterades det att 41-\u00e5rige Kapustin hade d\u00f6dats i en rysk dr\u00f6narattack i Zaporizjzja-regionen.<\/p>\n<p><img loading=\"lazy\"   alt=\"\"\/><\/p>\n<p>Videon som uppgavs visa Kapustins d\u00f6d.<\/p>\n<p>\u00d6ppna bild i helsk\u00e4rm\u201dV\u00e4lkommen tillbaka till livet\u201d<\/p>\n<p>Men bara n\u00e5gra dagar senare uppgav Kyrylo Budanov, chef f\u00f6r Ukrainas milit\u00e4ra underr\u00e4ttelsetj\u00e4nst HUR, att allt var en noggrant planerad bluff av ukrainarna f\u00f6r att f\u00f6rhindra ett mordf\u00f6rs\u00f6k p\u00e5 Kapustin fr\u00e5n ryskt h\u00e5ll, enligt flera medier inklusive Guardian och Kyiv Independent.<\/p>\n<p>\u2013 V\u00e4lkommen tillbaka till livet, s\u00e4ger Budanov till Kapustin i en video som publicerades p\u00e5 Telegram p\u00e5 ny\u00e5rsdagen.<\/p>\n<p>Ukraina ska ha hj\u00e4lpt till att iscens\u00e4tta Kapustins d\u00f6d f\u00f6r att f\u00f6rhindra att han d\u00f6dades p\u00e5 order fr\u00e5n Moskva och f\u00f6r att locka fram de inblandade i mordkomplotten. HUR uppgav ocks\u00e5 att en bel\u00f6ning p\u00e5 4,6 miljoner kronor som Ryssland utlovat f\u00f6r Kapustins d\u00f6d har s\u00e4krats och att pengarna nu kommer att anv\u00e4ndas f\u00f6r att st\u00e4rka Ukrainas milit\u00e4ra insats i kriget.<\/p>\n<p>De ukrainska uppgifterna har inte kommenterats fr\u00e5n ryskt h\u00e5ll eller verifierats av oberoende k\u00e4llor.<\/p>\n","protected":false},"excerpt":{"rendered":"Publicerad 2 jan 2026 kl 22.32Uppdaterad 3 jan kl 02.24 Det rapporterades att kontroversielle milisledaren Denis Kapustin hade&hellip;\n","protected":false},"author":2,"featured_media":124120,"comment_status":"","ping_status":"","sticky":false,"template":"","format":"standard","meta":{"footnotes":""},"categories":[5],"tags":[22,23,26,27,17,21,24,25,274,202,28,29,15,16,18,34,55,31,33,32,30,19,20],"class_list":{"0":"post-124119","1":"post","2":"type-post","3":"status-publish","4":"format-standard","5":"has-post-thumbnail","7":"category-rubriker","8":"tag-breaking-news","9":"tag-breakingnews","10":"tag-featured-news","11":"tag-featurednews","12":"tag-headlines","13":"tag-huvudnyheter","14":"tag-latest-news","15":"tag-latestnews","16":"tag-location-ryssland","17":"tag-location-ukraina","18":"tag-main-news","19":"tag-mainnews","20":"tag-news","21":"tag-nyheter","22":"tag-rubriker","23":"tag-se","24":"tag-sections-varlden","25":"tag-svenska","26":"tag-sverige","27":"tag-sweden","28":"tag-swedish","29":"tag-top-stories","30":"tag-topstories"},"share_on_mastodon":{"url":"https:\/\/pubeurope.com\/@se\/115828843022940117","error":""},"_links":{"self":[{"href":"https:\/\/www.europesays.com\/se\/wp-json\/wp\/v2\/posts\/124119","targetHints":{"allow":["GET"]}}],"collection":[{"href":"https:\/\/www.europesays.com\/se\/wp-json\/wp\/v2\/posts"}],"about":[{"href":"https:\/\/www.europesays.com\/se\/wp-json\/wp\/v2\/types\/post"}],"author":[{"embeddable":true,"href":"https:\/\/www.europesays.com\/se\/wp-json\/wp\/v2\/users\/2"}],"replies":[{"embeddable":true,"href":"https:\/\/www.europesays.com\/se\/wp-json\/wp\/v2\/comments?post=124119"}],"version-history":[{"count":0,"href":"https:\/\/www.europesays.com\/se\/wp-json\/wp\/v2\/posts\/124119\/revisions"}],"wp:featuredmedia":[{"embeddable":true,"href":"https:\/\/www.europesays.com\/se\/wp-json\/wp\/v2\/media\/124120"}],"wp:attachment":[{"href":"https:\/\/www.europesays.com\/se\/wp-json\/wp\/v2\/media?parent=124119"}],"wp:term":[{"taxonomy":"category","embeddable":true,"href":"https:\/\/www.europesays.com\/se\/wp-json\/wp\/v2\/categories?post=124119"},{"taxonomy":"post_tag","embeddable":true,"href":"https:\/\/www.europesays.com\/se\/wp-json\/wp\/v2\/tags?post=124119"}],"curies":[{"name":"wp","href":"https:\/\/api.w.org\/{rel}","templated":true}]}}