{"id":124214,"date":"2026-01-03T06:54:09","date_gmt":"2026-01-03T06:54:09","guid":{"rendered":"https:\/\/www.europesays.com\/se\/124214\/"},"modified":"2026-01-03T06:54:09","modified_gmt":"2026-01-03T06:54:09","slug":"puma-misstanks-ha-dodat-kvinna-i-colorado","status":"publish","type":"post","link":"https:\/\/www.europesays.com\/se\/124214\/","title":{"rendered":"Puma misst\u00e4nks ha d\u00f6dat kvinna i Colorado"},"content":{"rendered":"<p>Kvinnan har m\u00e4rken som tyder p\u00e5 ett angrepp av en puma, men ett slutligt utl\u00e5tande kommer f\u00f6rst efter en obduktion under n\u00e4sta vecka.<\/p>\n<p>Om en puma, som ocks\u00e5 kallas bergslejon, verkligen ligger bakom d\u00f6dsfallet \u00e4r det enligt experter f\u00f6rsta g\u00e5ngen sedan 1999 en m\u00e4nniska d\u00f6dats av djuret i den amerikanska delstaten Colorado, och fj\u00e4rde fallet de senaste tio \u00e5ren.<\/p>\n","protected":false},"excerpt":{"rendered":"Kvinnan har m\u00e4rken som tyder p\u00e5 ett angrepp av en puma, men ett slutligt utl\u00e5tande kommer f\u00f6rst efter&hellip;\n","protected":false},"author":2,"featured_media":124215,"comment_status":"","ping_status":"","sticky":false,"template":"","format":"standard","meta":{"footnotes":""},"categories":[14],"tags":[22,23,26,27,17,21,24,25,28,29,15,16,18,34,31,33,32,30,19,20,51,52,53,54],"class_list":{"0":"post-124214","1":"post","2":"type-post","3":"status-publish","4":"format-standard","5":"has-post-thumbnail","7":"category-varlden","8":"tag-breaking-news","9":"tag-breakingnews","10":"tag-featured-news","11":"tag-featurednews","12":"tag-headlines","13":"tag-huvudnyheter","14":"tag-latest-news","15":"tag-latestnews","16":"tag-main-news","17":"tag-mainnews","18":"tag-news","19":"tag-nyheter","20":"tag-rubriker","21":"tag-se","22":"tag-svenska","23":"tag-sverige","24":"tag-sweden","25":"tag-swedish","26":"tag-top-stories","27":"tag-topstories","28":"tag-varlden","29":"tag-world","30":"tag-world-news","31":"tag-worldnews"},"share_on_mastodon":{"url":"https:\/\/pubeurope.com\/@se\/115829857550490991","error":""},"_links":{"self":[{"href":"https:\/\/www.europesays.com\/se\/wp-json\/wp\/v2\/posts\/124214","targetHints":{"allow":["GET"]}}],"collection":[{"href":"https:\/\/www.europesays.com\/se\/wp-json\/wp\/v2\/posts"}],"about":[{"href":"https:\/\/www.europesays.com\/se\/wp-json\/wp\/v2\/types\/post"}],"author":[{"embeddable":true,"href":"https:\/\/www.europesays.com\/se\/wp-json\/wp\/v2\/users\/2"}],"replies":[{"embeddable":true,"href":"https:\/\/www.europesays.com\/se\/wp-json\/wp\/v2\/comments?post=124214"}],"version-history":[{"count":0,"href":"https:\/\/www.europesays.com\/se\/wp-json\/wp\/v2\/posts\/124214\/revisions"}],"wp:featuredmedia":[{"embeddable":true,"href":"https:\/\/www.europesays.com\/se\/wp-json\/wp\/v2\/media\/124215"}],"wp:attachment":[{"href":"https:\/\/www.europesays.com\/se\/wp-json\/wp\/v2\/media?parent=124214"}],"wp:term":[{"taxonomy":"category","embeddable":true,"href":"https:\/\/www.europesays.com\/se\/wp-json\/wp\/v2\/categories?post=124214"},{"taxonomy":"post_tag","embeddable":true,"href":"https:\/\/www.europesays.com\/se\/wp-json\/wp\/v2\/tags?post=124214"}],"curies":[{"name":"wp","href":"https:\/\/api.w.org\/{rel}","templated":true}]}}