{"id":124217,"date":"2026-01-03T06:56:19","date_gmt":"2026-01-03T06:56:19","guid":{"rendered":"https:\/\/www.europesays.com\/se\/124217\/"},"modified":"2026-01-03T06:56:19","modified_gmt":"2026-01-03T06:56:19","slug":"salem-gar-ut-i-manifestation-efter-mordet-i-ronninge","status":"publish","type":"post","link":"https:\/\/www.europesays.com\/se\/124217\/","title":{"rendered":"Salem g\u00e5r ut i manifestation efter mordet i R\u00f6nninge"},"content":{"rendered":"<p class=\"ort\">R\u00f6nninge<\/p>\n<p class=\"text\">Sn\u00f6n \u00e4r h\u00e4r och har lagt sig p\u00e5 R\u00f6nninge torg.<\/p>\n<p class=\"text\">Poliserna Eva, H\u00e5kan och deras radiobil \u00e4r h\u00e4r p\u00e5 en trygghetsbevarande insats. De pratar med de som kommer hit och vill dela n\u00e5gra ord.<\/p>\n<p class=\"text\">Laurence Touma fr\u00e5n f\u00f6rvaltningen p\u00e5 kommunen \u00e4r ocks\u00e5 h\u00e4r och sopar upp is p\u00e5 torget.<\/p>\n<p class=\"text\">Vid sittplatserna p\u00e5 torget ligger ett hav av ljus och blommor. <\/p>\n<p>Salem i sorg<\/p>\n<p class=\"text\">En liten str\u00f6m med m\u00e4nniskor g\u00e5r f\u00f6rbi under morgonen, sk\u00e4nker en tanke eller l\u00e4gger en blomma. Bernt \u00e4r h\u00e4r, ute p\u00e5 promenad med sin hund. En ofattbar tragedi, sammanfattar han. Han bor i n\u00e4rheten och var hemma under juldagarna n\u00e4r det h\u00e4nde och ber\u00e4ttar att de har pratat med polis, f\u00e5tt s\u00e4ga om de h\u00f6rt n\u00e5got, eller s\u00e5.<\/p>\n<p class=\"text\">\u2013 Polisen har gjort ett bra jobb, k\u00e4nns det som. Det har blivit v\u00e4ldigt fint h\u00e4r p\u00e5 platsen, s\u00e4ger han och vilar blicken \u00f6ver torget.<\/p>\n<p class=\"text\">Ove och Eva Lindqvist har \u00e5kt hit fr\u00e5n S\u00f6dert\u00e4lje f\u00f6r att l\u00e4gga en ros p\u00e5 torget. De har barn och barnbarn h\u00e4r i R\u00f6nninge. De t\u00e4nker extra mycket p\u00e5 tryggheten nu.<\/p>\n<p class=\"text\">\u2013 Vi har alltid sagt att det h\u00e4r \u00e4r s\u00e5 fin liten kommun, men s\u00e5 h\u00e4nder det h\u00e4r. Det \u00e4r fortfarande fin liten kommun, men det \u00e4r s\u00e5 fruktansv\u00e4rt, s\u00e4ger Eva Lindkvist.<\/p>\n<p>D\u00e5 v\u00e4ntas \u00e5tal v\u00e4ckas<\/p>\n<p class=\"text\">N\u00e4r Mitt i \u00e5terv\u00e4nder till R\u00f6nninge har det p\u00e5 dagen g\u00e5tt en vecka sedan 26 december d\u00e5 kvinnan i 25-\u00e5rs\u00e5ldern anm\u00e4ldes f\u00f6rsvunnen. Den 27:e hittades hon d\u00f6d. Tv\u00e5 personer frihetsber\u00f6vades, varav en \u00e4r friskriven fr\u00e5n utredningen och misstanke. Den andre sitter h\u00e4ktad p\u00e5 sannolika sk\u00e4l misst\u00e4nkt f\u00f6r mord och grovt gravfridsbrott.<\/p>\n<p class=\"text\">Den personen har erk\u00e4nt den senare \u00e5talspunkten men nekar till mord. <\/p>\n<p class=\"text\">Personen \u00e4r sedan tidigare d\u00f6md, 2019, till tv\u00e5 \u00e5rs f\u00e4ngelse f\u00f6r f\u00f6rs\u00f6k till m\u00e4nniskorov och grovt barnpornografibrott, och ska nu genomg\u00e5 en r\u00e4ttspsykiatrisk unders\u00f6kning.<\/p>\n<p>Anh\u00f6riga: sprid inte bilder<\/p>\n<p class=\"text\">Senare till v\u00e5ren v\u00e4ntas \u00e5tal v\u00e4ckas d\u00e5 mer information om polisens utredning blir k\u00e4nd, <a target=\"_blank\" rel=\"noopener nofollow\" href=\"https:\/\/www.expressen.se\/nyheter\/sverige\/vilma-andersson-misstanks-for-styckmordet-i-ronninge-\/\">rapporterar Expressen<\/a>. Mitt i har s\u00f6kt \u00e5klagaren f\u00f6r en kommentar. <\/p>\n<p><img decoding=\"async\" class=\"Image Image_\" src=\"\" data-aghref=\"http:\/\/www.mitti.se\/image-3.353873.270834.20260102152714.de336fe865\" data-agimagetype=\"hardcrop\" alt=\"\"\/><\/p>\n<p class=\"Source\">Judit Nilsson<\/p>\n<p class=\"text\">Under veckan har den m\u00f6rdade kvinnans familj g\u00e5tt ut med en uppmaning via TT. De tackar f\u00f6r st\u00f6det och meddelar att de inte kommer kommentera h\u00e4ndelsen.<\/p>\n<p class=\"text\">\u201dVi ber medier och allm\u00e4nhet att visa f\u00f6rst\u00e5else och respektera v\u00e5r integritet genom att avst\u00e5 fr\u00e5n att publicera eller sprida bilder, namn eller andra personliga uppgifter om v\u00e5r dotter och \u00f6vriga familjemedlemmar\u201d skriver de.<\/p>\n<p>Ljusmanifestation i parken<\/p>\n<p class=\"text\">Imorgon l\u00f6rdag, 3 januari, planeras en ljusmanifestation av en handfull lokalbor.<\/p>\n<p class=\"text\">Moderaten Delmon Haffo \u00e4r en av dem. De har f\u00e5tt godk\u00e4nt tillst\u00e5nd fr\u00e5n polisen och medgivande fr\u00e5n familjen. Han f\u00f6rklarar varf\u00f6r det \u00e4r viktigt med en manifestation.<\/p>\n<p class=\"text\">\u2013 V\u00e4ldigt m\u00e5nga \u00e4r ber\u00f6rda och har chockats enormt av det som h\u00e4nde. Behovet av att samlas och hitta gemenskap har varit v\u00e4ldigt stort de senaste dagarna. N\u00e4r initiativet kom om en st\u00f6rre manifestation s\u00e5 k\u00e4nde vi att det h\u00e4r \u00e4r viktigt, just f\u00f6r att alla ska f\u00e5 ett avslut och g\u00e5 vidare, s\u00e5 att ocks\u00e5 familjen kan f\u00e5 bearbeta det h\u00e4r i fred, s\u00e4ger han.<\/p>\n<p class=\"text\">Klockan 16.00 avg\u00e5r den fr\u00e5n Sk\u00f6nviksparken.<\/p>\n<p>Laurene: &#8221;Det r\u00e4cker&#8221;<\/p>\n<p class=\"text\">R\u00f6nningebon och tj\u00e4nstemannen Laurence Touma sopar p\u00e5 runt platsen.<\/p>\n<p class=\"text\">I ungef\u00e4r en m\u00e5nad eller tv\u00e5 fram\u00f6ver, tror han, att de kommer beh\u00f6va h\u00e5lla ordning p\u00e5 platsen.  Han kommenterar tragedin och ber\u00e4ttar att han k\u00e4nner med de anh\u00f6riga.<\/p>\n<p class=\"text\">\u2013 Det r\u00e4cker, det r\u00e4cker, det r\u00e4cker. Det f\u00e5r inte bli s\u00e5 h\u00e4r. Det m\u00e5ste f\u00e5 ett stopp.<\/p>\n<p class=\"text\">Varsamt hackar han upp isen centimeter fr\u00e5n de brinnande ljusen. En fin plats som visar p\u00e5 mycket omtanke i el\u00e4ndet, menar han.<\/p>\n<p class=\"text\">Han ger en uppmaning.<\/p>\n<p class=\"text\">\u2013 Prata med era barn. Det \u00e4r viktigt.<\/p>\n","protected":false},"excerpt":{"rendered":"R\u00f6nninge Sn\u00f6n \u00e4r h\u00e4r och har lagt sig p\u00e5 R\u00f6nninge torg. Poliserna Eva, H\u00e5kan och deras radiobil \u00e4r&hellip;\n","protected":false},"author":2,"featured_media":124218,"comment_status":"","ping_status":"","sticky":false,"template":"","format":"standard","meta":{"footnotes":""},"categories":[5],"tags":[22,23,26,27,17,21,24,25,28,29,15,16,18,34,31,33,32,30,19,20],"class_list":{"0":"post-124217","1":"post","2":"type-post","3":"status-publish","4":"format-standard","5":"has-post-thumbnail","7":"category-rubriker","8":"tag-breaking-news","9":"tag-breakingnews","10":"tag-featured-news","11":"tag-featurednews","12":"tag-headlines","13":"tag-huvudnyheter","14":"tag-latest-news","15":"tag-latestnews","16":"tag-main-news","17":"tag-mainnews","18":"tag-news","19":"tag-nyheter","20":"tag-rubriker","21":"tag-se","22":"tag-svenska","23":"tag-sverige","24":"tag-sweden","25":"tag-swedish","26":"tag-top-stories","27":"tag-topstories"},"share_on_mastodon":{"url":"https:\/\/pubeurope.com\/@se\/115829865420904990","error":""},"_links":{"self":[{"href":"https:\/\/www.europesays.com\/se\/wp-json\/wp\/v2\/posts\/124217","targetHints":{"allow":["GET"]}}],"collection":[{"href":"https:\/\/www.europesays.com\/se\/wp-json\/wp\/v2\/posts"}],"about":[{"href":"https:\/\/www.europesays.com\/se\/wp-json\/wp\/v2\/types\/post"}],"author":[{"embeddable":true,"href":"https:\/\/www.europesays.com\/se\/wp-json\/wp\/v2\/users\/2"}],"replies":[{"embeddable":true,"href":"https:\/\/www.europesays.com\/se\/wp-json\/wp\/v2\/comments?post=124217"}],"version-history":[{"count":0,"href":"https:\/\/www.europesays.com\/se\/wp-json\/wp\/v2\/posts\/124217\/revisions"}],"wp:featuredmedia":[{"embeddable":true,"href":"https:\/\/www.europesays.com\/se\/wp-json\/wp\/v2\/media\/124218"}],"wp:attachment":[{"href":"https:\/\/www.europesays.com\/se\/wp-json\/wp\/v2\/media?parent=124217"}],"wp:term":[{"taxonomy":"category","embeddable":true,"href":"https:\/\/www.europesays.com\/se\/wp-json\/wp\/v2\/categories?post=124217"},{"taxonomy":"post_tag","embeddable":true,"href":"https:\/\/www.europesays.com\/se\/wp-json\/wp\/v2\/tags?post=124217"}],"curies":[{"name":"wp","href":"https:\/\/api.w.org\/{rel}","templated":true}]}}