{"id":124224,"date":"2026-01-03T07:03:21","date_gmt":"2026-01-03T07:03:21","guid":{"rendered":"https:\/\/www.europesays.com\/se\/124224\/"},"modified":"2026-01-03T07:03:21","modified_gmt":"2026-01-03T07:03:21","slug":"frontalkrock-med-tva-personbilar-i-nykoping","status":"publish","type":"post","link":"https:\/\/www.europesays.com\/se\/124224\/","title":{"rendered":"Frontalkrock med tv\u00e5 personbilar i Nyk\u00f6ping"},"content":{"rendered":"<p>P\u00e5 fredagskv\u00e4llen inkom larm om en trafikolycka i Bryngelstorp, Nyk\u00f6ping.\u00a0\u2013 En frontalkrock mellan tv\u00e5 personbilar, sex personer ska vara inblandade, ber\u00e4ttar Ola Nilsson p\u00e5 SOS Alarm.Polis och r\u00e4ddningstj\u00e4nst larmades till platsen. Redan vid 16.30-tiden kunde r\u00e4ddningstj\u00e4nsten \u00e5terv\u00e4nda till stationen. Polis blev dock kvar en stund.\u2013 Det ska inte ha varit n\u00e5gra extre<\/p>\n","protected":false},"excerpt":{"rendered":"P\u00e5 fredagskv\u00e4llen inkom larm om en trafikolycka i Bryngelstorp, Nyk\u00f6ping.\u00a0\u2013 En frontalkrock mellan tv\u00e5 personbilar, sex personer ska&hellip;\n","protected":false},"author":2,"featured_media":124225,"comment_status":"","ping_status":"","sticky":false,"template":"","format":"standard","meta":{"footnotes":""},"categories":[12],"tags":[22,23,26,27,17,21,24,25,28,29,15,16,18,34,31,33,32,30,19,20],"class_list":{"0":"post-124224","1":"post","2":"type-post","3":"status-publish","4":"format-standard","5":"has-post-thumbnail","7":"category-sverige","8":"tag-breaking-news","9":"tag-breakingnews","10":"tag-featured-news","11":"tag-featurednews","12":"tag-headlines","13":"tag-huvudnyheter","14":"tag-latest-news","15":"tag-latestnews","16":"tag-main-news","17":"tag-mainnews","18":"tag-news","19":"tag-nyheter","20":"tag-rubriker","21":"tag-se","22":"tag-svenska","23":"tag-sverige","24":"tag-sweden","25":"tag-swedish","26":"tag-top-stories","27":"tag-topstories"},"share_on_mastodon":{"url":"https:\/\/pubeurope.com\/@se\/115829892934744894","error":""},"_links":{"self":[{"href":"https:\/\/www.europesays.com\/se\/wp-json\/wp\/v2\/posts\/124224","targetHints":{"allow":["GET"]}}],"collection":[{"href":"https:\/\/www.europesays.com\/se\/wp-json\/wp\/v2\/posts"}],"about":[{"href":"https:\/\/www.europesays.com\/se\/wp-json\/wp\/v2\/types\/post"}],"author":[{"embeddable":true,"href":"https:\/\/www.europesays.com\/se\/wp-json\/wp\/v2\/users\/2"}],"replies":[{"embeddable":true,"href":"https:\/\/www.europesays.com\/se\/wp-json\/wp\/v2\/comments?post=124224"}],"version-history":[{"count":0,"href":"https:\/\/www.europesays.com\/se\/wp-json\/wp\/v2\/posts\/124224\/revisions"}],"wp:featuredmedia":[{"embeddable":true,"href":"https:\/\/www.europesays.com\/se\/wp-json\/wp\/v2\/media\/124225"}],"wp:attachment":[{"href":"https:\/\/www.europesays.com\/se\/wp-json\/wp\/v2\/media?parent=124224"}],"wp:term":[{"taxonomy":"category","embeddable":true,"href":"https:\/\/www.europesays.com\/se\/wp-json\/wp\/v2\/categories?post=124224"},{"taxonomy":"post_tag","embeddable":true,"href":"https:\/\/www.europesays.com\/se\/wp-json\/wp\/v2\/tags?post=124224"}],"curies":[{"name":"wp","href":"https:\/\/api.w.org\/{rel}","templated":true}]}}