{"id":124226,"date":"2026-01-03T07:04:07","date_gmt":"2026-01-03T07:04:07","guid":{"rendered":"https:\/\/www.europesays.com\/se\/124226\/"},"modified":"2026-01-03T07:04:07","modified_gmt":"2026-01-03T07:04:07","slug":"forlust-for-panthers-i-forsta-utomhusmatchen","status":"publish","type":"post","link":"https:\/\/www.europesays.com\/se\/124226\/","title":{"rendered":"F\u00f6rlust f\u00f6r Panthers i f\u00f6rsta utomhusmatchen"},"content":{"rendered":"<p>\u2013 Det har varit n\u00e5gra otroliga dagar h\u00e4r, men det \u00e4r klart att jag skulle velat f\u00e5 ut ett b\u00e4ttre resultat av det, sade Reinhart. Vi skulle ha gjort en b\u00e4ttre match, men de tryckte p\u00e5 och gjorde det sv\u00e5rt f\u00f6r oss framf\u00f6r v\u00e5rt eget m\u00e5l och vi gjorde det l\u00e4tt framf\u00f6r deras m\u00e5l, s\u00e5\u2026 ja, det var skillnaden i kv\u00e4ll. Det \u00e4r inte l\u00e4tt att komma tillbaka i en match d\u00e4r man hamnar i underl\u00e4ge med tre m\u00e5l tidigt.<\/p>\n<p>Reinhart, den 30-\u00e5rige centern fr\u00e5n West Vancouver, var av f\u00f6rklarliga sk\u00e4l missn\u00f6jd med matchen men n\u00f6jd med upplevelsen:<\/p>\n<p>\u2013 Ligan g\u00f6r ett fenomenalt jobb med de h\u00e4r matcherna. Man vet aldrig om man n\u00e5gonsin f\u00e5r vara med om en s\u00e5dan h\u00e4r sak och nu om jag n\u00e5gonsin kommer att f\u00e5 g\u00f6ra det igen. Men visst \u00e4r jag besviken \u00f6ver resultatet.<\/p>\n<p>Panthers tr\u00e4nare Paul Maurice st\u00e4mde in i Reinharts uppskattning av ligans jobb med matcherna under bar himmel:<\/p>\n<p>\u2013 Vilket otroligt och spektakul\u00e4rt bra jobb National Hockey League g\u00f6r med de h\u00e4r matcherna. Att spela s\u00e5 l\u00e5ngt s\u00f6derut och p\u00e5 en is som var s\u00e5 bra\u2026 allt var helt briljant, sade Maurice. Jag skulle g\u00e4rna se att varje lag i ligan fick spela en s\u00e5dan h\u00e4r match en g\u00e5ng om \u00e5ret; det skulle vara s\u00e4songens h\u00f6jdpunkt f\u00f6r det laget.<\/p>\n<p>F\u00f6r trots f\u00f6rlusten blev matchen \u00e4nd\u00e5 p\u00e5 sitt s\u00e4tt en framg\u00e5ng: trots slutresultatet kan Panthers spelare ta med sig n\u00e5gra fina minnen fr\u00e5n sin f\u00f6rsta utomhusmatch n\u00e5gonsin. Spelarna som anl\u00e4nde i sportbilar till den f\u00f6rsta matchen n\u00e5gonsin under bar himmel i Florida, \u201dThe Sunshine State\u201d &#8211; Brad Marchand s\u00e5g ut att trivas i en Ferrari &#8211; snyggt kl\u00e4dda i vitt med en flerf\u00e4rgad skjorta under som en blinkning till 1980-talets TV-favorit Miami Vice.<\/p>\n<p>\u2013 Vilken grej att komma till en match p\u00e5 det h\u00e4r s\u00e4ttet. Vilken unik och cool upplevelse, sade Panthers finske back Anton Lundell om den spektakul\u00e4ra entr\u00e9n.<\/p>\n<p>Det blev en match som visade upp Florida Panthers, med dubbla Stanley Cup-titlar i ryggen som ett hett lag och delstaten Florida som en het plats i hockeyv\u00e4rlden.<\/p>\n<p>Het dessutom i flera bem\u00e4rkelser: det var 17,2 grader varmt n\u00e4r NHL-legendaren Roberto Luongo, med f\u00f6rflutet b\u00e5de i Florida och i New York, fast d\u00e5 i Islanders, strax f\u00f6re 20.00 lokal tid (02.00, svensk tid) sl\u00e4ppte pucken i en ceremoniell tekning mellan Panthers back Aaron Ekblad och Rangers forward Vincent Trocheck.<\/p>\n","protected":false},"excerpt":{"rendered":"\u2013 Det har varit n\u00e5gra otroliga dagar h\u00e4r, men det \u00e4r klart att jag skulle velat f\u00e5 ut&hellip;\n","protected":false},"author":2,"featured_media":124227,"comment_status":"","ping_status":"","sticky":false,"template":"","format":"standard","meta":{"footnotes":""},"categories":[5],"tags":[22,23,26,27,17,21,24,25,28,29,15,16,18,34,31,33,32,30,19,20],"class_list":{"0":"post-124226","1":"post","2":"type-post","3":"status-publish","4":"format-standard","5":"has-post-thumbnail","7":"category-rubriker","8":"tag-breaking-news","9":"tag-breakingnews","10":"tag-featured-news","11":"tag-featurednews","12":"tag-headlines","13":"tag-huvudnyheter","14":"tag-latest-news","15":"tag-latestnews","16":"tag-main-news","17":"tag-mainnews","18":"tag-news","19":"tag-nyheter","20":"tag-rubriker","21":"tag-se","22":"tag-svenska","23":"tag-sverige","24":"tag-sweden","25":"tag-swedish","26":"tag-top-stories","27":"tag-topstories"},"share_on_mastodon":{"url":"https:\/\/pubeurope.com\/@se\/115829896813938106","error":""},"_links":{"self":[{"href":"https:\/\/www.europesays.com\/se\/wp-json\/wp\/v2\/posts\/124226","targetHints":{"allow":["GET"]}}],"collection":[{"href":"https:\/\/www.europesays.com\/se\/wp-json\/wp\/v2\/posts"}],"about":[{"href":"https:\/\/www.europesays.com\/se\/wp-json\/wp\/v2\/types\/post"}],"author":[{"embeddable":true,"href":"https:\/\/www.europesays.com\/se\/wp-json\/wp\/v2\/users\/2"}],"replies":[{"embeddable":true,"href":"https:\/\/www.europesays.com\/se\/wp-json\/wp\/v2\/comments?post=124226"}],"version-history":[{"count":0,"href":"https:\/\/www.europesays.com\/se\/wp-json\/wp\/v2\/posts\/124226\/revisions"}],"wp:featuredmedia":[{"embeddable":true,"href":"https:\/\/www.europesays.com\/se\/wp-json\/wp\/v2\/media\/124227"}],"wp:attachment":[{"href":"https:\/\/www.europesays.com\/se\/wp-json\/wp\/v2\/media?parent=124226"}],"wp:term":[{"taxonomy":"category","embeddable":true,"href":"https:\/\/www.europesays.com\/se\/wp-json\/wp\/v2\/categories?post=124226"},{"taxonomy":"post_tag","embeddable":true,"href":"https:\/\/www.europesays.com\/se\/wp-json\/wp\/v2\/tags?post=124226"}],"curies":[{"name":"wp","href":"https:\/\/api.w.org\/{rel}","templated":true}]}}