{"id":124295,"date":"2026-01-03T08:51:11","date_gmt":"2026-01-03T08:51:11","guid":{"rendered":"https:\/\/www.europesays.com\/se\/124295\/"},"modified":"2026-01-03T08:51:11","modified_gmt":"2026-01-03T08:51:11","slug":"rekordmanga-vill-lamna-vasteuropas-hjarta-aldrig-sett-nagot-liknande","status":"publish","type":"post","link":"https:\/\/www.europesays.com\/se\/124295\/","title":{"rendered":"Rekordm\u00e5nga vill l\u00e4mna v\u00e4steuropas hj\u00e4rta \u2013 \u201dAldrig sett n\u00e5got liknande\u201d"},"content":{"rendered":"<p>Alla flyg stoppas \u2013 Moskva under attack<\/p>\n<p><strong>Det nya \u00e5ret inleds med nya attacker i kriget mellan Ukraina och Ryssland.<\/strong><\/p>\n<p>Under torsdagskv\u00e4llen kommer rapporter om att Ryssland tvingas st\u00e4nga fyra flygplatser i och omkring huvudstaden Moskva.<\/p>\n<p>\u2013 Flygningar fr\u00e5n flygplatserna Sheremetyevo, Domodedovo, Vnukovo och Zhukovsky st\u00e4lls in p\u00e5 grund av dr\u00f6nare riktade mot den ryska huvudstaden, uppger finska Iltalehti med h\u00e4nvisning till ryska medier.<\/p>\n<p>Hittills har det ryska luftf\u00f6rsvarssystemet lyckats skjuta ner tolv dr\u00f6nare i Moskva under kv\u00e4llen, enligt uppgifter fr\u00e5n stadens borgm\u00e4stare Sergej Soyan.<\/p>\n<p>I dagsl\u00e4get \u00e4r det oklart om attacken orsakat n\u00e5gra skador.<\/p>\n<p><strong>Flera attacker under ny\u00e5rsdagen<\/strong><\/p>\n<p>I en ukrainsk attack tidigare under dygnet d\u00f6dades 24 personer i regionen Kherson.<\/p>\n<p>Ytterligare minst 50 personer skadades i attacken.<\/p>\n<p>\u2013 Den ryskutn\u00e4mnde guvern\u00f6ren i\u00a0Kherson, Vladimir Saldo, uppger att attacken genomf\u00f6rdes mot en byggnad som rymmer ett hotell och ett caf\u00e9. Ny\u00e5rsfirande p\u00e5gick i byggnaden, uppger tidningen med h\u00e4nvisning till Reuters.<\/p>\n<p>Uppgifterna har inte bekr\u00e4ftats av Ukraina.<\/p>\n<p><strong>Ryska attacker<\/strong><\/p>\n<p>Under ny\u00e5rsdagen har ryska styrkor slagit till mot en j\u00e4rnv\u00e4gsstation i regionen Sumy.<\/p>\n<p>\u2013 Dessutom slog ockupanterna till mot logistikinfrastrukturen i Odessa med Shaheddr\u00f6nare. Hotet om upprepade attacker kvarst\u00e5r, vilket f\u00f6rsv\u00e5rar reparationsarbetet, uppger den ukrainske ministern Oleksii Kuleba, rapporterar Ukrainska Pravda.<\/p>\n<p>L\u00c4S OCKS\u00c5: <a href=\"https:\/\/ekonomibladet.se\/nyarssmall-i-ryssland-explosioner-och-brander-fangade-pa-video\/\" rel=\"nofollow noopener\" target=\"_blank\">Ny\u00e5rssm\u00e4ll i Ryssland \u2013 Video p\u00e5 explosioner sprids<\/a><\/p>\n<p><strong>Attacker mot Odessa<\/strong><\/p>\n<p>Under den senaste m\u00e5naden har Ryssland \u00e5terkommande riktat attacker mot Odessa i Ukraina.<\/p>\n<p>Bakom strategin ligger m\u00e5let att sl\u00e5 mot Ukrainas ekonomi och f\u00f6rbindelser med sina handelspartners genom hamnen i Odessa, uppger RBC-Ukraine.<\/p>\n<p>Ukraina exporterar omkring 90 procent av sina jordbruksprodukter sj\u00f6v\u00e4gen.<\/p>\n<p>\u2013 De vill definitivt sk\u00e4ra av Odessa och andra st\u00e4der n\u00e4r det g\u00e4ller infrastruktur. De sl\u00e5r till och d\u00f6dar b\u00e5de m\u00e4nniskor och ekonomin f\u00f6r att minska v\u00e5r exportkapacitet genom den maritima korridoren, s\u00e4ger Volodymyr Zelenskyj, rapporterar tidningen.<\/p>\n<p>L\u00c4S MER: <a style=\"color: #0000ff;\" href=\"https:\/\/ekonomibladet.se\/ryskt-sammanbrott-samsta-sedan-70-talet\/\" rel=\"nofollow noopener\" target=\"_blank\">Ryskt sammanbrott \u2013 s\u00e4msta sedan 70-talet <\/a><\/p>\n<p>Foto: D. Ermolenko<\/p>\n<p>Text: Redaktionen<\/p>\n","protected":false},"excerpt":{"rendered":"Alla flyg stoppas \u2013 Moskva under attack Det nya \u00e5ret inleds med nya attacker i kriget mellan Ukraina&hellip;\n","protected":false},"author":2,"featured_media":124296,"comment_status":"","ping_status":"","sticky":false,"template":"","format":"standard","meta":{"footnotes":""},"categories":[14],"tags":[22,23,26,27,17,21,24,25,28,29,15,16,18,34,31,33,32,30,19,20,51,52,53,54],"class_list":{"0":"post-124295","1":"post","2":"type-post","3":"status-publish","4":"format-standard","5":"has-post-thumbnail","7":"category-varlden","8":"tag-breaking-news","9":"tag-breakingnews","10":"tag-featured-news","11":"tag-featurednews","12":"tag-headlines","13":"tag-huvudnyheter","14":"tag-latest-news","15":"tag-latestnews","16":"tag-main-news","17":"tag-mainnews","18":"tag-news","19":"tag-nyheter","20":"tag-rubriker","21":"tag-se","22":"tag-svenska","23":"tag-sverige","24":"tag-sweden","25":"tag-swedish","26":"tag-top-stories","27":"tag-topstories","28":"tag-varlden","29":"tag-world","30":"tag-world-news","31":"tag-worldnews"},"share_on_mastodon":{"url":"https:\/\/pubeurope.com\/@se\/115830317595098614","error":""},"_links":{"self":[{"href":"https:\/\/www.europesays.com\/se\/wp-json\/wp\/v2\/posts\/124295","targetHints":{"allow":["GET"]}}],"collection":[{"href":"https:\/\/www.europesays.com\/se\/wp-json\/wp\/v2\/posts"}],"about":[{"href":"https:\/\/www.europesays.com\/se\/wp-json\/wp\/v2\/types\/post"}],"author":[{"embeddable":true,"href":"https:\/\/www.europesays.com\/se\/wp-json\/wp\/v2\/users\/2"}],"replies":[{"embeddable":true,"href":"https:\/\/www.europesays.com\/se\/wp-json\/wp\/v2\/comments?post=124295"}],"version-history":[{"count":0,"href":"https:\/\/www.europesays.com\/se\/wp-json\/wp\/v2\/posts\/124295\/revisions"}],"wp:featuredmedia":[{"embeddable":true,"href":"https:\/\/www.europesays.com\/se\/wp-json\/wp\/v2\/media\/124296"}],"wp:attachment":[{"href":"https:\/\/www.europesays.com\/se\/wp-json\/wp\/v2\/media?parent=124295"}],"wp:term":[{"taxonomy":"category","embeddable":true,"href":"https:\/\/www.europesays.com\/se\/wp-json\/wp\/v2\/categories?post=124295"},{"taxonomy":"post_tag","embeddable":true,"href":"https:\/\/www.europesays.com\/se\/wp-json\/wp\/v2\/tags?post=124295"}],"curies":[{"name":"wp","href":"https:\/\/api.w.org\/{rel}","templated":true}]}}