{"id":124319,"date":"2026-01-03T09:16:11","date_gmt":"2026-01-03T09:16:11","guid":{"rendered":"https:\/\/www.europesays.com\/se\/124319\/"},"modified":"2026-01-03T09:16:11","modified_gmt":"2026-01-03T09:16:11","slug":"christoffer-jonsson-bava-mande-new-yorks-judar-mamdani-ar-pa-plats","status":"publish","type":"post","link":"https:\/\/www.europesays.com\/se\/124319\/","title":{"rendered":"Christoffer Jonsson: B\u00e4va m\u00e5nde New Yorks judar \u2013 Mamdani \u00e4r p\u00e5 plats"},"content":{"rendered":"<p class=\"has-drop-cap\">Zohran Mamdani, som i g\u00e5r svors in som New Yorks borgm\u00e4stare, hyllas som en framg\u00e5ng framf\u00f6r allt av v\u00e4nstern, s\u00e4rskilt eftersom han \u00e4r stadens f\u00f6rste muslimske borgm\u00e4stare. Samtidigt finns ett antal tecken p\u00e5 att utvecklingen i New York kan bli mer orolig, s\u00e4rskilt f\u00f6r den judiska f\u00f6rsamlingen, som redan regelbundet uts\u00e4tts f\u00f6r antisemitiska attacker.<\/p>\n<p>Redan under Mamdanis f\u00f6rsta dag som borgm\u00e4stare har han vidtagit \u00e5tg\u00e4rder som f\u00f6rsv\u00e5rar arbetet med att bek\u00e4mpa judehat och v\u00e4rna New Yorks judiska f\u00f6rsamling, som \u00e4r den st\u00f6rsta judiska befolkningen utanf\u00f6r Israel. Mamdani avvisar <a href=\"https:\/\/www.timesofisrael.com\/mamdani-revokes-ihra-antisemitism-definition-on-day-1-amid-broad-rejection-of-adams-orders\/amp\/\" rel=\"nofollow noopener\" target=\"_blank\">International Holocaust Remembrance Alliance<\/a> (IHRA):s definition av antisemitism, en definition som antagits av ett stort antal st\u00e4der och l\u00e4nder i syfte att bek\u00e4mpa judehat. <\/p>\n<p>Motivet bakom att Mamdanis administration inte erk\u00e4nner definitionen \u00e4r oklart, men det uppges inte handla om att definitionen inneh\u00e5ller flera punkter om Israel och judarnas r\u00e4tt till ett eget land \u2013 en r\u00e4tt som Mamdani vid upprepade tillf\u00e4llen v\u00e4grat erk\u00e4nna. <\/p>\n<p>Mamdanis avvisande av IHRA:s definition av antisemitism har f\u00f6rd\u00f6mts av flera samh\u00e4llsdebatt\u00f6rer, d\u00e4ribland den israelisk-amerikanske debatt\u00f6ren<a href=\"https:\/\/x.com\/judeanceo\/status\/2006994076810490053?s=46\" rel=\"nofollow\"> Shay Szabo<\/a>, som skrev ett inl\u00e4gg p\u00e5 plattformen X: \u201dJag gillar inte f\u00f6rol\u00e4mpningar, men Zohran Mamdani \u00e4r verkligen den oheliga treenigheten: clown, fegis och kommunist\u201d. <\/p>\n<p>Zohran Mamdani avvisade \u00e4ven Executive Order 61, som instiftades av den tidigare borgm\u00e4staren Eric Adams. Executive Order 61 \u00e4r ett beslut som etablerar zoner d\u00e4r demonstrationer kan regleras eller i vissa fall f\u00f6rbjudas. Beslutet tr\u00e4dde i kraft efter att judiska f\u00f6rsamlingar b\u00f6rjat trakasseras av pro-palestinska demonstranter. <\/p>\n<p>Mamdanis rivande av beslutet har f\u00f6rd\u00f6mts av <a href=\"https:\/\/x.com\/innavernikov\/status\/2006898023087952338?s=46\" rel=\"nofollow\">Inna Vernikov<\/a>, republikanskt kommunfullm\u00e4ktigeledamot i staden, som i st\u00e4llet \u00e5beropar behovet av en federal lag som skyddar judiska f\u00f6rsamlingar fr\u00e5n antisemitiska demonstrationer utanf\u00f6r deras institutioner. <\/p>\n<p>Mamdanis administration har \u00e4ven tagit \u00f6ver borgm\u00e4starkontorets officiella konto p\u00e5 plattformen X, d\u00e4r man raderat minst tv\u00e5 inl\u00e4gg om att bek\u00e4mpa antisemitism och v\u00e4rna stadens judiska f\u00f6rsamling. Detta har v\u00e4ckt b\u00e5de oro och kritik fr\u00e5n judiska grupper. <\/p>\n<p>\u201dDet \u00e4r sv\u00e5rt att nog betona hur oroande det \u00e4r att en av dina allra f\u00f6rsta handlingar som borgm\u00e4stare i New York, p\u00e5 din allra f\u00f6rsta dag i \u00e4mbetet, var att radera officiella inl\u00e4gg fr\u00e5n @NYCMayor som behandlade skyddet av judiska New York-bor\u201d, skrev organisationen <a href=\"https:\/\/nypost.com\/2026\/01\/01\/us-news\/jewish-civil-rights-group-demands-answers-from-mamdani-after-posts-about-antisemitism-scrubbed-from-nyc-mayors-x-account\/\" rel=\"nofollow noopener\" target=\"_blank\">National Jewish Advocacy Center<\/a> i ett brev till Zohran Mamdani. <\/p>\n<p>Ett par veckor innan Mamdani tilltr\u00e4dde som New Yorks borgm\u00e4stare publicerade organisationen <a href=\"https:\/\/www.timesofisrael.com\/at-least-20-of-mamdani-appointees-have-ties-to-anti-zionist-groups-adl-says\/\" rel=\"nofollow noopener\" target=\"_blank\">Anti-Defamation League<\/a> ett avsl\u00f6jande som visade att drygt tjugo procent av hans administration har kopplingar till \u00f6ppet antisionistiska grupper. Bland dessa finns personer som har likst\u00e4llt judarnas r\u00e4tt till sj\u00e4lvbest\u00e4mmande \u2013 vilket \u00e4r vad sionism inneb\u00e4r \u2013 med rasism, h\u00e4vdat att sionister \u00e4r v\u00e4rre \u00e4n nazister och beskrivit sionismen som en \u201dgenocidal ideology\u201d. Andra har \u00f6ppet visat st\u00f6d f\u00f6r \u201dmotst\u00e5ndet\u201d genom slagord som \u201dLong live the resistance\u201d och genom att anv\u00e4nda symboler som r\u00f6da trianglar, vilket kan tolkas som st\u00f6d f\u00f6r den islamistiska terrorgruppen Hamas. <\/p>\n<p>Judehatet \u00e4r redan utbrett i New York, och det finns sk\u00e4l att anta att situationen knappast kommer att f\u00f6rb\u00e4ttras med Zohran Mamdani som borgm\u00e4stare. Tv\u00e4rtom finns en betydande risk att den f\u00f6rv\u00e4rras, s\u00e4rskilt med tanke p\u00e5 att borgm\u00e4staren under l\u00e5ng tid har gett sitt st\u00f6d till den judehatande BDS-r\u00f6relsen, som uppmanar till bojkott av judiska och israeliska f\u00f6retag. <\/p>\n","protected":false},"excerpt":{"rendered":"Zohran Mamdani, som i g\u00e5r svors in som New Yorks borgm\u00e4stare, hyllas som en framg\u00e5ng framf\u00f6r allt av&hellip;\n","protected":false},"author":2,"featured_media":124320,"comment_status":"","ping_status":"","sticky":false,"template":"","format":"standard","meta":{"footnotes":""},"categories":[14],"tags":[13046,13047,13048,22,23,13049,26,27,17,21,13050,13051,24,25,28,29,6678,15,16,18,34,31,33,32,30,19,20,51,52,53,54,9184,6470],"class_list":{"0":"post-124319","1":"post","2":"type-post","3":"status-publish","4":"format-standard","5":"has-post-thumbnail","7":"category-varlden","8":"tag-adl","9":"tag-anti-defamation-league","10":"tag-bds","11":"tag-breaking-news","12":"tag-breakingnews","13":"tag-executive-order-61","14":"tag-featured-news","15":"tag-featurednews","16":"tag-headlines","17":"tag-huvudnyheter","18":"tag-ihra","19":"tag-inna-vernikov","20":"tag-latest-news","21":"tag-latestnews","22":"tag-main-news","23":"tag-mainnews","24":"tag-new-york","25":"tag-news","26":"tag-nyheter","27":"tag-rubriker","28":"tag-se","29":"tag-svenska","30":"tag-sverige","31":"tag-sweden","32":"tag-swedish","33":"tag-top-stories","34":"tag-topstories","35":"tag-varlden","36":"tag-world","37":"tag-world-news","38":"tag-worldnews","39":"tag-x","40":"tag-zohran-mamdani"},"share_on_mastodon":{"url":"https:\/\/pubeurope.com\/@se\/115830415966709591","error":""},"_links":{"self":[{"href":"https:\/\/www.europesays.com\/se\/wp-json\/wp\/v2\/posts\/124319","targetHints":{"allow":["GET"]}}],"collection":[{"href":"https:\/\/www.europesays.com\/se\/wp-json\/wp\/v2\/posts"}],"about":[{"href":"https:\/\/www.europesays.com\/se\/wp-json\/wp\/v2\/types\/post"}],"author":[{"embeddable":true,"href":"https:\/\/www.europesays.com\/se\/wp-json\/wp\/v2\/users\/2"}],"replies":[{"embeddable":true,"href":"https:\/\/www.europesays.com\/se\/wp-json\/wp\/v2\/comments?post=124319"}],"version-history":[{"count":0,"href":"https:\/\/www.europesays.com\/se\/wp-json\/wp\/v2\/posts\/124319\/revisions"}],"wp:featuredmedia":[{"embeddable":true,"href":"https:\/\/www.europesays.com\/se\/wp-json\/wp\/v2\/media\/124320"}],"wp:attachment":[{"href":"https:\/\/www.europesays.com\/se\/wp-json\/wp\/v2\/media?parent=124319"}],"wp:term":[{"taxonomy":"category","embeddable":true,"href":"https:\/\/www.europesays.com\/se\/wp-json\/wp\/v2\/categories?post=124319"},{"taxonomy":"post_tag","embeddable":true,"href":"https:\/\/www.europesays.com\/se\/wp-json\/wp\/v2\/tags?post=124319"}],"curies":[{"name":"wp","href":"https:\/\/api.w.org\/{rel}","templated":true}]}}