{"id":124324,"date":"2026-01-03T09:20:27","date_gmt":"2026-01-03T09:20:27","guid":{"rendered":"https:\/\/www.europesays.com\/se\/124324\/"},"modified":"2026-01-03T09:20:27","modified_gmt":"2026-01-03T09:20:27","slug":"officiellt-aik-lanar-ut-karlsson-allsvenskan","status":"publish","type":"post","link":"https:\/\/www.europesays.com\/se\/124324\/","title":{"rendered":"Officiellt: AIK l\u00e5nar ut Karlsson &#8211; Allsvenskan"},"content":{"rendered":"<p>Karlsson var \u00e4ven utl\u00e5nad till Degerfors under h\u00f6sten 2025 och bidrog till att hj\u00e4lpa de r\u00f6dvita stanna kvar i allsvenskan.<\/p>\n<p>&#8211; Kazper hade regelbunden speltid med Degerfors IF under h\u00f6sten 2025, och den h\u00e4r \u00f6verenskommelsen g\u00f6r det m\u00f6jligt f\u00f6r honom att forts\u00e4tta i en v\u00e4lbekant milj\u00f6. Fr\u00e5n v\u00e5r sida har avtalet hanterats p\u00e5 ett genomt\u00e4nkt s\u00e4tt och ligger i linje med v\u00e5r trupplanering. Avtalets struktur skapar tydlighet f\u00f6r alla parter och g\u00f6r det m\u00f6jligt f\u00f6r samtliga att fullt ut fokusera p\u00e5 den kommande s\u00e4songen. Vi \u00f6nskar Kazper stort lycka till under den kommande s\u00e4songen, s\u00e4ger AIK Fotbolls strategichef Jeremy Steele i ett uttalande.<\/p>\n<p>P\u00e5 Degerfors hemsida skriver f\u00f6reningen att man \u00e4r \u00f6verens med AIK om en \u00f6verg\u00e5ng f\u00f6r Karlsson, samt att det inledningsvis r\u00f6r sig om ett l\u00e5n med k\u00f6poption till och med den 31 december 2026.<\/p>\n<p>Den 20-\u00e5rige mittf\u00e4ltaren kom till AIK inf\u00f6r f\u00f6rra s\u00e4songen, men fick ont om speltid och l\u00e5nades ut till Degerfors i slutet av sommarf\u00f6nstret. Totalt har Karlsson gjort elva matcher f\u00f6r AIK och nio matcher f\u00f6r Degerfors.<\/p>\n<p>Karlsson finns med n\u00e4r Degerfors startar upp sin f\u00f6rs\u00e4song den 6 januari. Han har tidigare spelat f\u00f6r BK H\u00e4cken, Halmstads BK och italienska Bologna.<\/p>\n<p>I mitten av november, kort efter att allsvenskan avslutats, gjorde Karlsson <a href=\"https:\/\/www.fotbollskanalen.se\/artiklar\/allsvenskan\/kazper-karlsson-kanns-som-det-ar-kaos-i-aik\" rel=\"nofollow noopener\" target=\"_blank\">en intervju med Fotbollskanalen<\/a> d\u00e4r han bland annat sa att han inte haft kontakt med n\u00e5gon alls fr\u00e5n AIK under sin utl\u00e5ning till Degerfors.<\/p>\n<p>&#8211; \u00c4rligt talat ingenting alls. De har lite ansvar att visa intresse. Jag \u00e4r deras spelare. Sen har det inte blivit s\u00e5 och det s\u00e4ger ocks\u00e5 n\u00e5gonting p\u00e5 n\u00e5got s\u00e4tt. Jag k\u00e4nner att det \u00e4r upp till dem (att h\u00f6ra av sig), sa Karlsson d\u00e5.<\/p>\n<p>Karlsson sa \u00e4ven, ang\u00e5ende sin framtid i AIK:<\/p>\n<p>&#8211; Jag har kontrakt med AIK och det \u00e4r det jag f\u00e5r utg\u00e5 ifr\u00e5n. Men jag vet ingenting. Jag vet inte vem i AIK som skulle s\u00e4ga det till mig. Det k\u00e4nns som det \u00e4r kaos d\u00e4r just nu.<\/p>\n<p>Sedan intervjun gjordes har AIK gjort klart med Miika Takkula som ny rekryteringschef efter Fredrik Wisur Hansen.<\/p>\n","protected":false},"excerpt":{"rendered":"Karlsson var \u00e4ven utl\u00e5nad till Degerfors under h\u00f6sten 2025 och bidrog till att hj\u00e4lpa de r\u00f6dvita stanna kvar&hellip;\n","protected":false},"author":2,"featured_media":124325,"comment_status":"","ping_status":"","sticky":false,"template":"","format":"standard","meta":{"footnotes":""},"categories":[68],"tags":[34,111,110,31,33,32,30],"class_list":{"0":"post-124324","1":"post","2":"type-post","3":"status-publish","4":"format-standard","5":"has-post-thumbnail","7":"category-sport","8":"tag-se","9":"tag-sport","10":"tag-sports","11":"tag-svenska","12":"tag-sverige","13":"tag-sweden","14":"tag-swedish"},"share_on_mastodon":{"url":"https:\/\/pubeurope.com\/@se\/115830431614719813","error":""},"_links":{"self":[{"href":"https:\/\/www.europesays.com\/se\/wp-json\/wp\/v2\/posts\/124324","targetHints":{"allow":["GET"]}}],"collection":[{"href":"https:\/\/www.europesays.com\/se\/wp-json\/wp\/v2\/posts"}],"about":[{"href":"https:\/\/www.europesays.com\/se\/wp-json\/wp\/v2\/types\/post"}],"author":[{"embeddable":true,"href":"https:\/\/www.europesays.com\/se\/wp-json\/wp\/v2\/users\/2"}],"replies":[{"embeddable":true,"href":"https:\/\/www.europesays.com\/se\/wp-json\/wp\/v2\/comments?post=124324"}],"version-history":[{"count":0,"href":"https:\/\/www.europesays.com\/se\/wp-json\/wp\/v2\/posts\/124324\/revisions"}],"wp:featuredmedia":[{"embeddable":true,"href":"https:\/\/www.europesays.com\/se\/wp-json\/wp\/v2\/media\/124325"}],"wp:attachment":[{"href":"https:\/\/www.europesays.com\/se\/wp-json\/wp\/v2\/media?parent=124324"}],"wp:term":[{"taxonomy":"category","embeddable":true,"href":"https:\/\/www.europesays.com\/se\/wp-json\/wp\/v2\/categories?post=124324"},{"taxonomy":"post_tag","embeddable":true,"href":"https:\/\/www.europesays.com\/se\/wp-json\/wp\/v2\/tags?post=124324"}],"curies":[{"name":"wp","href":"https:\/\/api.w.org\/{rel}","templated":true}]}}