{"id":124326,"date":"2026-01-03T09:23:07","date_gmt":"2026-01-03T09:23:07","guid":{"rendered":"https:\/\/www.europesays.com\/se\/124326\/"},"modified":"2026-01-03T09:23:07","modified_gmt":"2026-01-03T09:23:07","slug":"motvind-for-elbilar-kan-bli-samsta-aret-sedan-2020","status":"publish","type":"post","link":"https:\/\/www.europesays.com\/se\/124326\/","title":{"rendered":"Motvind f\u00f6r elbilar \u2013 kan bli s\u00e4msta \u00e5ret sedan 2020"},"content":{"rendered":"<p>Elbilsf\u00f6rs\u00e4ljningen v\u00e4ntas 2026 ha sitt s\u00e4msta \u00e5r sedan pandemin, rapporterar FT. <\/p>\n<p>F\u00f6rs\u00e4ljningen v\u00e4ntas \u00f6ka med 13 procent, motsvarande 24 miljoner fordon, ner fr\u00e5n estimerade 22 procent 2025, enligt analysf\u00f6retaget Benchmark Mineral Intelligence. <\/p>\n<p>En avmattad efterfr\u00e5gan i Kina, svagare tillv\u00e4xt i Europa och en krympande marknad i USA v\u00e4ntas agera s\u00e4nke f\u00f6r f\u00f6rs\u00e4ljningen, skriver tidningen. <\/p>\n<p>Omni \u00e4r politiskt obundna och oberoende. Vi str\u00e4var efter att ge fler perspektiv p\u00e5 nyheterna. Har du fr\u00e5gor eller synpunkter kring v\u00e5r rapportering? <a href=\"https:\/\/omni.se\/motvind-for-elbilar-kan-bli-samsta-aret-sedan-2020\/a\/mailto:redaktion@omni.se\" class=\"ArticleActions_contactLink__W2F1M\" rel=\"nofollow noopener\" target=\"_blank\">Kontakta redaktionen<\/a><\/p>\n","protected":false},"excerpt":{"rendered":"Elbilsf\u00f6rs\u00e4ljningen v\u00e4ntas 2026 ha sitt s\u00e4msta \u00e5r sedan pandemin, rapporterar FT. F\u00f6rs\u00e4ljningen v\u00e4ntas \u00f6ka med 13 procent, motsvarande&hellip;\n","protected":false},"author":2,"featured_media":124327,"comment_status":"","ping_status":"","sticky":false,"template":"","format":"standard","meta":{"footnotes":""},"categories":[65],"tags":[72,70,71,1331,267,938,2609,549,34,31,33,32,30,74],"class_list":{"0":"post-124326","1":"post","2":"type-post","3":"status-publish","4":"format-standard","5":"has-post-thumbnail","7":"category-ekonomi","8":"tag-business","9":"tag-economy","10":"tag-ekonomi","11":"tag-elbilar","12":"tag-europa","13":"tag-fordon-transport","14":"tag-fordonsindustri","15":"tag-kina","16":"tag-se","17":"tag-svenska","18":"tag-sverige","19":"tag-sweden","20":"tag-swedish","21":"tag-usa"},"share_on_mastodon":{"url":"https:\/\/pubeurope.com\/@se\/115830443350291723","error":""},"_links":{"self":[{"href":"https:\/\/www.europesays.com\/se\/wp-json\/wp\/v2\/posts\/124326","targetHints":{"allow":["GET"]}}],"collection":[{"href":"https:\/\/www.europesays.com\/se\/wp-json\/wp\/v2\/posts"}],"about":[{"href":"https:\/\/www.europesays.com\/se\/wp-json\/wp\/v2\/types\/post"}],"author":[{"embeddable":true,"href":"https:\/\/www.europesays.com\/se\/wp-json\/wp\/v2\/users\/2"}],"replies":[{"embeddable":true,"href":"https:\/\/www.europesays.com\/se\/wp-json\/wp\/v2\/comments?post=124326"}],"version-history":[{"count":0,"href":"https:\/\/www.europesays.com\/se\/wp-json\/wp\/v2\/posts\/124326\/revisions"}],"wp:featuredmedia":[{"embeddable":true,"href":"https:\/\/www.europesays.com\/se\/wp-json\/wp\/v2\/media\/124327"}],"wp:attachment":[{"href":"https:\/\/www.europesays.com\/se\/wp-json\/wp\/v2\/media?parent=124326"}],"wp:term":[{"taxonomy":"category","embeddable":true,"href":"https:\/\/www.europesays.com\/se\/wp-json\/wp\/v2\/categories?post=124326"},{"taxonomy":"post_tag","embeddable":true,"href":"https:\/\/www.europesays.com\/se\/wp-json\/wp\/v2\/tags?post=124326"}],"curies":[{"name":"wp","href":"https:\/\/api.w.org\/{rel}","templated":true}]}}