{"id":124328,"date":"2026-01-03T09:25:14","date_gmt":"2026-01-03T09:25:14","guid":{"rendered":"https:\/\/www.europesays.com\/se\/124328\/"},"modified":"2026-01-03T09:25:14","modified_gmt":"2026-01-03T09:25:14","slug":"fyra-gripna-efter-knarktillslag-i-natt","status":"publish","type":"post","link":"https:\/\/www.europesays.com\/se\/124328\/","title":{"rendered":"Fyra gripna efter knarktillslag i natt"},"content":{"rendered":"<p>Polisen i Uppsala fick ett samtal vid 23-tiden p\u00e5 fredagskv\u00e4llen fr\u00e5n F\u00e5lhagen sedan en person k\u00e4nt lukt av marijuana fr\u00e5n en bostad.\u00a0Patrull \u00e5kte ut och i trapphuset k\u00e4nde de en stark lukt innan de hittade den misst\u00e4nkta l\u00e4genheten. Personerna d\u00e4r ville inte \u00f6ppna och d\u00e4rf\u00f6r beslutades att d\u00f6rren skulle brytas upp f\u00f6r en husrannsakan.En stund senare hittades fyra per<\/p>\n","protected":false},"excerpt":{"rendered":"Polisen i Uppsala fick ett samtal vid 23-tiden p\u00e5 fredagskv\u00e4llen fr\u00e5n F\u00e5lhagen sedan en person k\u00e4nt lukt av&hellip;\n","protected":false},"author":2,"featured_media":1027,"comment_status":"","ping_status":"","sticky":false,"template":"","format":"standard","meta":{"footnotes":""},"categories":[12],"tags":[22,23,26,27,17,21,24,25,28,29,15,16,18,34,31,33,32,30,19,20],"class_list":{"0":"post-124328","1":"post","2":"type-post","3":"status-publish","4":"format-standard","5":"has-post-thumbnail","7":"category-sverige","8":"tag-breaking-news","9":"tag-breakingnews","10":"tag-featured-news","11":"tag-featurednews","12":"tag-headlines","13":"tag-huvudnyheter","14":"tag-latest-news","15":"tag-latestnews","16":"tag-main-news","17":"tag-mainnews","18":"tag-news","19":"tag-nyheter","20":"tag-rubriker","21":"tag-se","22":"tag-svenska","23":"tag-sverige","24":"tag-sweden","25":"tag-swedish","26":"tag-top-stories","27":"tag-topstories"},"share_on_mastodon":{"url":"https:\/\/pubeurope.com\/@se\/115830451327953325","error":""},"_links":{"self":[{"href":"https:\/\/www.europesays.com\/se\/wp-json\/wp\/v2\/posts\/124328","targetHints":{"allow":["GET"]}}],"collection":[{"href":"https:\/\/www.europesays.com\/se\/wp-json\/wp\/v2\/posts"}],"about":[{"href":"https:\/\/www.europesays.com\/se\/wp-json\/wp\/v2\/types\/post"}],"author":[{"embeddable":true,"href":"https:\/\/www.europesays.com\/se\/wp-json\/wp\/v2\/users\/2"}],"replies":[{"embeddable":true,"href":"https:\/\/www.europesays.com\/se\/wp-json\/wp\/v2\/comments?post=124328"}],"version-history":[{"count":0,"href":"https:\/\/www.europesays.com\/se\/wp-json\/wp\/v2\/posts\/124328\/revisions"}],"wp:featuredmedia":[{"embeddable":true,"href":"https:\/\/www.europesays.com\/se\/wp-json\/wp\/v2\/media\/1027"}],"wp:attachment":[{"href":"https:\/\/www.europesays.com\/se\/wp-json\/wp\/v2\/media?parent=124328"}],"wp:term":[{"taxonomy":"category","embeddable":true,"href":"https:\/\/www.europesays.com\/se\/wp-json\/wp\/v2\/categories?post=124328"},{"taxonomy":"post_tag","embeddable":true,"href":"https:\/\/www.europesays.com\/se\/wp-json\/wp\/v2\/tags?post=124328"}],"curies":[{"name":"wp","href":"https:\/\/api.w.org\/{rel}","templated":true}]}}