{"id":124329,"date":"2026-01-03T09:26:11","date_gmt":"2026-01-03T09:26:11","guid":{"rendered":"https:\/\/www.europesays.com\/se\/124329\/"},"modified":"2026-01-03T09:26:11","modified_gmt":"2026-01-03T09:26:11","slug":"400-fordon-var-fast-pa-e22","status":"publish","type":"post","link":"https:\/\/www.europesays.com\/se\/124329\/","title":{"rendered":"400 fordon var fast p\u00e5 E22"},"content":{"rendered":"<p>400 fordon uppskattades vara fast p\u00e5 E22 mellan Oskarshamn och M\u00f6nster\u00e5s natten mot l\u00f6rdag. Ett VMA utf\u00e4rdades. <\/p>\n<p>P\u00e5 l\u00f6rdagsmorgonen uppgav r\u00e4ddningstj\u00e4nsten att samtliga fordon som suttit fast p\u00e5 v\u00e4gen nu kommit loss och att k\u00f6erna l\u00e4ttat. Strax f\u00f6re klockan 9 hade r\u00e4ddningstj\u00e4nsten i omr\u00e5det ett p\u00e5g\u00e5ende \u00e4rende kring hinder p\u00e5 v\u00e4g. <\/p>\n<p>Fortsatt mycket besv\u00e4rligt trafikl\u00e4ge<\/p>\n<p>Samtidigt uppger Trafikverket att v\u00e4derl\u00e4get kommer att vara fortsatt besv\u00e4rligt i hela \u00f6stra Sm\u00e5land, fr\u00e5n V\u00e4xj\u00f6 och hela v\u00e4gen mot \u00d6stersj\u00f6kusten. <\/p>\n<p>\u2013 Eftersom det \u00e4ven ber\u00e4knas bli mycket trafik s\u00e5 blir det sv\u00e5rt f\u00f6r oss att ploga, s\u00e5 vi uppmanar alla som kan undvika att k\u00f6ra i dag att stanna hemma, s\u00e4ger Beisi Sundin, presskommunikat\u00f6r p\u00e5 Trafikverket till SVT p\u00e5 l\u00f6rdagsmorgonen.<\/p>\n<p>T\u00e5gtrafiken mellan Hultsfred och Kalmar inst\u00e4lld till och med s\u00f6ndag, prognosen just nu \u00e4r att den kommer i g\u00e5ng igen klockan 16 i morgon.<\/p>\n","protected":false},"excerpt":{"rendered":"400 fordon uppskattades vara fast p\u00e5 E22 mellan Oskarshamn och M\u00f6nster\u00e5s natten mot l\u00f6rdag. Ett VMA utf\u00e4rdades. P\u00e5&hellip;\n","protected":false},"author":2,"featured_media":793,"comment_status":"","ping_status":"","sticky":false,"template":"","format":"standard","meta":{"footnotes":""},"categories":[5],"tags":[22,23,26,27,17,21,24,25,28,29,15,16,18,34,31,33,32,30,19,20],"class_list":{"0":"post-124329","1":"post","2":"type-post","3":"status-publish","4":"format-standard","5":"has-post-thumbnail","7":"category-rubriker","8":"tag-breaking-news","9":"tag-breakingnews","10":"tag-featured-news","11":"tag-featurednews","12":"tag-headlines","13":"tag-huvudnyheter","14":"tag-latest-news","15":"tag-latestnews","16":"tag-main-news","17":"tag-mainnews","18":"tag-news","19":"tag-nyheter","20":"tag-rubriker","21":"tag-se","22":"tag-svenska","23":"tag-sverige","24":"tag-sweden","25":"tag-swedish","26":"tag-top-stories","27":"tag-topstories"},"share_on_mastodon":{"url":"https:\/\/pubeurope.com\/@se\/115830455175263533","error":""},"_links":{"self":[{"href":"https:\/\/www.europesays.com\/se\/wp-json\/wp\/v2\/posts\/124329","targetHints":{"allow":["GET"]}}],"collection":[{"href":"https:\/\/www.europesays.com\/se\/wp-json\/wp\/v2\/posts"}],"about":[{"href":"https:\/\/www.europesays.com\/se\/wp-json\/wp\/v2\/types\/post"}],"author":[{"embeddable":true,"href":"https:\/\/www.europesays.com\/se\/wp-json\/wp\/v2\/users\/2"}],"replies":[{"embeddable":true,"href":"https:\/\/www.europesays.com\/se\/wp-json\/wp\/v2\/comments?post=124329"}],"version-history":[{"count":0,"href":"https:\/\/www.europesays.com\/se\/wp-json\/wp\/v2\/posts\/124329\/revisions"}],"wp:featuredmedia":[{"embeddable":true,"href":"https:\/\/www.europesays.com\/se\/wp-json\/wp\/v2\/media\/793"}],"wp:attachment":[{"href":"https:\/\/www.europesays.com\/se\/wp-json\/wp\/v2\/media?parent=124329"}],"wp:term":[{"taxonomy":"category","embeddable":true,"href":"https:\/\/www.europesays.com\/se\/wp-json\/wp\/v2\/categories?post=124329"},{"taxonomy":"post_tag","embeddable":true,"href":"https:\/\/www.europesays.com\/se\/wp-json\/wp\/v2\/tags?post=124329"}],"curies":[{"name":"wp","href":"https:\/\/api.w.org\/{rel}","templated":true}]}}