{"id":124360,"date":"2026-01-03T10:12:10","date_gmt":"2026-01-03T10:12:10","guid":{"rendered":"https:\/\/www.europesays.com\/se\/124360\/"},"modified":"2026-01-03T10:12:10","modified_gmt":"2026-01-03T10:12:10","slug":"mattias-ekholm-besviken-efter-os-petningen-tre-kronor","status":"publish","type":"post","link":"https:\/\/www.europesays.com\/se\/124360\/","title":{"rendered":"Mattias Ekholm besviken efter OS-petningen | Tre Kronor"},"content":{"rendered":"<p>Publicerad 3 jan 2026 kl 10.03<\/p>\n<p>LOS ANGELES. Han \u00e4r en stj\u00e4rnback i Edmonton Oilers.<\/p>\n<p>Med en finalplats i Stanley Cup s\u00e5 sent som i v\u00e5ras.<\/p>\n<p>Men i Tre Kronors OS-lag f\u00e5r han inte plats.<\/p>\n<p>\u2013 Klart att jag \u00e4r j\u00e4ttebesviken, s\u00e4ger Mattias Ekholm, 35, till Expressen.<\/p>\n<p><img loading=\"lazy\"   alt=\"\"\/>\u00d6ppna bild i helsk\u00e4rm<img loading=\"lazy\"   alt=\"\"\/><\/p>\n<p>Mattias Ekholm fick inte plats i Tre Kronors OS-trupp.<\/p>\n<p>Foto: Johan Eriksson<\/p>\n<p>\u00d6ppna bild i helsk\u00e4rm<\/p>\n<p>Att Ekholm inte kom med var en av de stora \u00f6verraskningarna n\u00e4r Sam Hallam presenterade sin OS-trupp p\u00e5 fredagen inf\u00f6r spelen i Milano i februari.\u00a0<\/p>\n<p>\u2013 Jag fick beskedet n\u00e5gon dag f\u00f6re julafton. Visst \u00e4r jag besviken, det h\u00e4r var kanske min sista chans att vara med i ett OS. Men det \u00e4r inte mycket jag kan g\u00f6ra \u00e5t saken nu, kommenterar <a href=\"https:\/\/www.expressen.se\/tagg\/person\/mattias-ekholm\/\" class=\"\" rel=\"nofollow noopener\" target=\"_blank\">Mattias Ekholm<\/a> p\u00e5 telefon fr\u00e5n Edmonton efter f\u00f6rmiddagstr\u00e4ningen med klubblaget Oilers.<\/p>\n<p><strong>Har du n\u00e5gon k\u00e4nsla av att dispyten under Four Nations f\u00f6rra \u00e5ret kan ha spelat in?<\/strong><\/p>\n<p>\u2013 Jag hoppas att det inte hade n\u00e5gon betydelse f\u00f6r hans beslut, men det f\u00e5r ni fr\u00e5ga honom om. Jag har gjort allt jag kan f\u00f6r att visa att jag f\u00f6rtj\u00e4nar en plats och tycker att b\u00e5de jag och laget spelat bra under de senaste veckorna. Men uppenbarligen tyckte inte han (Hallam) att det var s\u00e5.<\/p>\n<p><strong>Vilken var hans motivering n\u00e4r han gav dig beskedet?<\/strong><\/p>\n<p>\u2013 Han sa inte s\u00e5 mycket mer \u00e4n att &#8217;jag \u00e4r ledsen att du inte \u00e4r med i truppen\u2019.<\/p>\n<p><img loading=\"lazy\"   alt=\"\"\/><\/p>\n<p>Sam Hallam menar att konflikten under Four Nations inte spelade in i beslutet.<\/p>\n<p>Foto: Jessica Gow\/TT \/ TT NYHETSBYR\u00c5N \/ JESSICA GOW<\/p>\n<p>\u00d6ppna bild i helsk\u00e4rmHallams svar: \u201dTuff konkurrens\u201d\u00a0<\/p>\n<p>Enligt f\u00f6rbundskapten Sam Hallam tog Ekholm emot beskedet \u201dsamlat men besviket\u201d. Han vill dock inte kommentera sitt val ytterligare.\u00a0<\/p>\n<p>\u2013 Jag kommer inte motivera varf\u00f6r spelare inte \u00e4r med. Det \u00e4r en tuff konkurrens helt enkelt.<\/p>\n<p>Han menar att konflikten under Four Nations inte spelade in i beslutet.\u00a0<\/p>\n<p>\u2013 Mattias uttryckte att han var missn\u00f6jd med att han eventuellt inte skulle spela, vilket han har all r\u00e4tt att g\u00f6ra. Jag tror vi alla \u00e4r n\u00f6jda med att vi har ett samh\u00e4lle d\u00e4r vi f\u00e5r s\u00e4ga vad vi t\u00e4nker. Vi pratade l\u00e4nge efter turneringen s\u00e5 jag tror det hunnit rinna tillr\u00e4ckligt mycket vatten under broarna.<\/p>\n<p>Mattias Ekholm bildar f\u00f6rsta backpar i Edmonton Oilers tillsammans med Evan Bouchard, som inte fick plats i Kanadas OS-trupp.<\/p>\n<p>Ekholm har gjort 17 po\u00e4ng, 3 m\u00e5l och 14 assist, p\u00e5 41 spelade matcher i NHL den h\u00e4r s\u00e4songen och \u00e4r +2.<\/p>\n","protected":false},"excerpt":{"rendered":"Publicerad 3 jan 2026 kl 10.03 LOS ANGELES. Han \u00e4r en stj\u00e4rnback i Edmonton Oilers. Med en finalplats&hellip;\n","protected":false},"author":2,"featured_media":124361,"comment_status":"","ping_status":"","sticky":false,"template":"","format":"standard","meta":{"footnotes":""},"categories":[68],"tags":[1169,5015,5342,34,255,4674,111,110,31,33,32,30],"class_list":{"0":"post-124360","1":"post","2":"type-post","3":"status-publish","4":"format-standard","5":"has-post-thumbnail","7":"category-sport","8":"tag-organization-tre-kronor","9":"tag-person-mattias-ekholm","10":"tag-person-sam-hallam","11":"tag-se","12":"tag-sections-ishockey","13":"tag-sections-trekronor","14":"tag-sport","15":"tag-sports","16":"tag-svenska","17":"tag-sverige","18":"tag-sweden","19":"tag-swedish"},"share_on_mastodon":{"url":"https:\/\/pubeurope.com\/@se\/115830636272572350","error":""},"_links":{"self":[{"href":"https:\/\/www.europesays.com\/se\/wp-json\/wp\/v2\/posts\/124360","targetHints":{"allow":["GET"]}}],"collection":[{"href":"https:\/\/www.europesays.com\/se\/wp-json\/wp\/v2\/posts"}],"about":[{"href":"https:\/\/www.europesays.com\/se\/wp-json\/wp\/v2\/types\/post"}],"author":[{"embeddable":true,"href":"https:\/\/www.europesays.com\/se\/wp-json\/wp\/v2\/users\/2"}],"replies":[{"embeddable":true,"href":"https:\/\/www.europesays.com\/se\/wp-json\/wp\/v2\/comments?post=124360"}],"version-history":[{"count":0,"href":"https:\/\/www.europesays.com\/se\/wp-json\/wp\/v2\/posts\/124360\/revisions"}],"wp:featuredmedia":[{"embeddable":true,"href":"https:\/\/www.europesays.com\/se\/wp-json\/wp\/v2\/media\/124361"}],"wp:attachment":[{"href":"https:\/\/www.europesays.com\/se\/wp-json\/wp\/v2\/media?parent=124360"}],"wp:term":[{"taxonomy":"category","embeddable":true,"href":"https:\/\/www.europesays.com\/se\/wp-json\/wp\/v2\/categories?post=124360"},{"taxonomy":"post_tag","embeddable":true,"href":"https:\/\/www.europesays.com\/se\/wp-json\/wp\/v2\/tags?post=124360"}],"curies":[{"name":"wp","href":"https:\/\/api.w.org\/{rel}","templated":true}]}}