{"id":124423,"date":"2026-01-03T12:00:27","date_gmt":"2026-01-03T12:00:27","guid":{"rendered":"https:\/\/www.europesays.com\/se\/124423\/"},"modified":"2026-01-03T12:00:27","modified_gmt":"2026-01-03T12:00:27","slug":"usa-utslaget-ur-jvm-vi-svek-vart-land-hockey","status":"publish","type":"post","link":"https:\/\/www.europesays.com\/se\/124423\/","title":{"rendered":"USA utslaget ur JVM: \u201dVi svek v\u00e5rt land\u201d | Hockey"},"content":{"rendered":"<p>Publicerad 3 jan 2026 kl 07.45Uppdaterad kl 11.37<\/p>\n<p>JVM p\u00e5 hemmaplan.<\/p>\n<p>D\u00e5 slogs USA ut i kvartsfinalen \u2013 av Finland.<\/p>\n<p>\u2013 Vi svek v\u00e5rt land, s\u00e4ger Cole Eiserman.<\/p>\n<p><img   alt=\"\"\/> <\/p>\n<p>Foto: JOEL MARKLUND \/ BILDBYR\u00c5N<\/p>\n<p>\u00d6ppna bild i helsk\u00e4rm<img loading=\"lazy\"   alt=\"\"\/> <\/p>\n<p>Foto: JOEL MARKLUND \/ BILDBYR\u00c5N<\/p>\n<p>\u00d6ppna bild i helsk\u00e4rm<\/p>\n<p>USA \u00e4r dubbla regerande m\u00e4stare i <a href=\"https:\/\/www.expressen.se\/tagg\/organization\/jvm\/\" class=\"\" rel=\"nofollow noopener\" target=\"_blank\">JVM<\/a>, och spelar dessutom \u00e5rets upplaga p\u00e5 hemmaplan.<\/p>\n<p>Men efter tv\u00e5 raka f\u00f6rluster, mot Sverige i gruppspelet och mot Finland i kvartsfinalen, \u00e4r stornationen nu ute ur turneringen.<\/p>\n<p>Finland knep segern i nattens kvartsfinal efter f\u00f6rl\u00e4ngning.<\/p>\n<p>Den 19-\u00e5rige amerikanen Cole Eiserman var rej\u00e4lt nedslagen efter matchen.<\/p>\n<p>\u2013 Vi svek v\u00e5rt land. Vi spelar p\u00e5 hemmaplan och fansen har gjort ett fantastiskt jobb med att komma till v\u00e5ra matcher. Vi levererade inte f\u00f6r dem. Det \u00e4r det tuffaste, s\u00e4ger han till <a href=\"https:\/\/www.instagram.com\/reels\/DTCNQ-ijBws\/\" rel=\"nofollow noopener\" target=\"_blank\">amerikansk media<\/a>.<\/p>\n<p>Sveriges motst\u00e5nd klart<\/p>\n<p>USA hade ledningen b\u00e5de en och tv\u00e5 g\u00e5nger i matchen, men Finland lyckades komma tillbaka och det var till slut Arttu V\u00e4lil\u00e4 som gjorde det avg\u00f6rande m\u00e5let i f\u00f6rl\u00e4ngningen.<\/p>\n<p>Resultatet skrevs till 4\u20133.<\/p>\n<p>\u2013 Det var ishockey n\u00e4r den \u00e4r som b\u00e4st, s\u00e4ger Finlands f\u00f6rbundskapten Lauri Mikkola till <a href=\"https:\/\/yle.fi\/a\/7-10090792\" rel=\"nofollow noopener\" target=\"_blank\">Yle<\/a>.<\/p>\n<p>Sverige slog Lettland med 6\u20133 under fredagskv\u00e4llen och m\u00f6ter nu Finland i semifinal, p\u00e5 s\u00f6ndag kl. 22.30 svensk tid.<\/p>\n<p>Kanada m\u00f6ter Tjeckien i den andra semifinalen.<\/p>\n<p><script async src=\"\/\/www.instagram.com\/embed.js\"><\/script><\/p>\n","protected":false},"excerpt":{"rendered":"Publicerad 3 jan 2026 kl 07.45Uppdaterad kl 11.37 JVM p\u00e5 hemmaplan. D\u00e5 slogs USA ut i kvartsfinalen \u2013&hellip;\n","protected":false},"author":2,"featured_media":124424,"comment_status":"","ping_status":"","sticky":false,"template":"","format":"standard","meta":{"footnotes":""},"categories":[68],"tags":[5748,5945,34,255,111,110,31,33,32,30],"class_list":{"0":"post-124423","1":"post","2":"type-post","3":"status-publish","4":"format-standard","5":"has-post-thumbnail","7":"category-sport","8":"tag-organization-juniorkronorna","9":"tag-organization-jvm","10":"tag-se","11":"tag-sections-ishockey","12":"tag-sport","13":"tag-sports","14":"tag-svenska","15":"tag-sverige","16":"tag-sweden","17":"tag-swedish"},"share_on_mastodon":{"url":"https:\/\/pubeurope.com\/@se\/115831060997672091","error":""},"_links":{"self":[{"href":"https:\/\/www.europesays.com\/se\/wp-json\/wp\/v2\/posts\/124423","targetHints":{"allow":["GET"]}}],"collection":[{"href":"https:\/\/www.europesays.com\/se\/wp-json\/wp\/v2\/posts"}],"about":[{"href":"https:\/\/www.europesays.com\/se\/wp-json\/wp\/v2\/types\/post"}],"author":[{"embeddable":true,"href":"https:\/\/www.europesays.com\/se\/wp-json\/wp\/v2\/users\/2"}],"replies":[{"embeddable":true,"href":"https:\/\/www.europesays.com\/se\/wp-json\/wp\/v2\/comments?post=124423"}],"version-history":[{"count":0,"href":"https:\/\/www.europesays.com\/se\/wp-json\/wp\/v2\/posts\/124423\/revisions"}],"wp:featuredmedia":[{"embeddable":true,"href":"https:\/\/www.europesays.com\/se\/wp-json\/wp\/v2\/media\/124424"}],"wp:attachment":[{"href":"https:\/\/www.europesays.com\/se\/wp-json\/wp\/v2\/media?parent=124423"}],"wp:term":[{"taxonomy":"category","embeddable":true,"href":"https:\/\/www.europesays.com\/se\/wp-json\/wp\/v2\/categories?post=124423"},{"taxonomy":"post_tag","embeddable":true,"href":"https:\/\/www.europesays.com\/se\/wp-json\/wp\/v2\/tags?post=124423"}],"curies":[{"name":"wp","href":"https:\/\/api.w.org\/{rel}","templated":true}]}}