{"id":124460,"date":"2026-01-03T12:41:07","date_gmt":"2026-01-03T12:41:07","guid":{"rendered":"https:\/\/www.europesays.com\/se\/124460\/"},"modified":"2026-01-03T12:41:07","modified_gmt":"2026-01-03T12:41:07","slug":"jenny-och-niklas-stromstedt-ber-ber-om-ursakt-for-kritiserad-video","status":"publish","type":"post","link":"https:\/\/www.europesays.com\/se\/124460\/","title":{"rendered":"Jenny och Niklas Str\u00f6mstedt ber ber om urs\u00e4kt f\u00f6r kritiserad video"},"content":{"rendered":"<p>Publicerad 3 jan 2026 kl 13.04<\/p>\n<p>I en video l\u00e5tsades flera svenska k\u00e4ndisar vara thail\u00e4ndare \u2013 vilket skapade stark kritik p\u00e5 sociala medier.<\/p>\n<p>Nu ber Jenny och Niklas Str\u00f6mstedt som medverkade i klippet om urs\u00e4kt.<\/p>\n<p>\u201dJag \u00e5ngrar mig djupt och k\u00e4nner f\u00f6rst\u00e5s skam\u201d, skriver Niklas Str\u00f6mstedt p\u00e5 Instagram.<\/p>\n<p><img   alt=\"\"\/><\/p>\n<p>Jenny Str\u00f6mstedt.<\/p>\n<p>Foto: OLLE SPORRONG<\/p>\n<p>\u00d6ppna bild i helsk\u00e4rm<img loading=\"lazy\"   alt=\"\"\/><\/p>\n<p>Niklas Str\u00f6mstedt.<\/p>\n<p>Foto: JEPPE GUSTAFSSON \/ SHUTTERSTOCK EDITORIAL\/IBL<\/p>\n<p>\u00d6ppna bild i helsk\u00e4rm<img loading=\"lazy\"   alt=\"\"\/><\/p>\n<p>Bilden d\u00e4r paret Str\u00f6mstedt l\u00e5tsas vara thail\u00e4ndare.<\/p>\n<p>\u00d6ppna bild i helsk\u00e4rm<\/p>\n<p>Makarna Niklas och <a href=\"https:\/\/www.expressen.se\/tagg\/person\/jenny-stromstedt\/\" class=\"\" rel=\"nofollow noopener\" target=\"_blank\">Jenny Str\u00f6mstedt<\/a>, Christer Lindarw, Victoria Skoglund, Magnus \u201dIca-Sebastian\u201d Skogsberg Tear samt maken Leck Tear firade in det nya \u00e5ret i Thailand ihop.<\/p>\n<p>Christer Lindarw ansl\u00f6t lite senare till semestern.\u00a0<\/p>\n<p>D\u00e5 h\u00e4lsade det v\u00e4ntande s\u00e4llskapet honom v\u00e4lkommen med den thail\u00e4ndska h\u00e4lsningen \u201dwai\u201d ikl\u00e4dda rosetter p\u00e5 huvudet.<\/p>\n<p>De h\u00f6ll samtidigt en handskriven lapp med texten \u201dKlista Lila\u201d. N\u00e5got som kan tolkas som en fonetisk stavning av hur n\u00e5gon med thail\u00e4ndsk brytning skulle uttala \u201dChrister Lindarw\u201d.<\/p>\n<p>Magnus Skogsberg och Niklas Str\u00f6mstedt imiterade ocks\u00e5 en thail\u00e4ndsk brytning n\u00e4r de uttalade Christer Lindarws namn.<\/p>\n<p>Allt filmades, las upp p\u00e5 sociala medier och delades av flera i s\u00e4llskapet.\u00a0<\/p>\n<p>Kritiken: Nidbild av asiater<\/p>\n<p><a href=\"https:\/\/www.expressen.se\/noje\/kritiseras-for-rasism-i-skamtklipp-svaret\/\" rel=\"nofollow noopener\" target=\"_blank\">Videon anklagades f\u00f6r att sprida en rasistisk nidbild av sydostasiater,<\/a> bland annat av Instagramprofilen Stulen identitet och forskaren Tobias H\u00fcbinette.<\/p>\n<p>Klippet togs senare bort och Magnus Skogsberg kommenterade kritiken till Expressen:\u00a0<\/p>\n<p>\u201dBakgrunden till filmen var att min man Leck som \u00e4r thail\u00e4ndare och som jag \u00e4lskat och varit gift med i 35 \u00e5r ville tramsa med Christer n\u00e4r han ansl\u00f6t till v\u00e5r semester. Leck bad oss andra h\u00e4rma honom och hans jargong. Utanf\u00f6r sin kontext kan det dessv\u00e4rre missuppfattas helt och jag har nu tagit bort det. Jag har full respekt f\u00f6r andra kulturer och m\u00e4nniskor och har alltid haft.\u201d<\/p>\n<p>\u201dS\u00e5 in i helvete fel\u201d<\/p>\n<p>Nu ber \u00e4ven makarna Str\u00f6mstedt om urs\u00e4kt.\u00a0<\/p>\n<p>\u201dJag l\u00e4t mig, utan att t\u00e4nka efter glida med p\u00e5 denna id\u00e9. Det fanns naturligtvis inga onda avsikter eller illvilja, men lik f\u00f6rbannat var denna handling b\u00e5de omd\u00f6mesl\u00f6s och korkad och jag \u00e5ngrar mig djupt och k\u00e4nner f\u00f6rst\u00e5s skam\u201d, skriver Niklas Str\u00f6mstedt p\u00e5 Instagram.<\/p>\n<p>\u00c4ven Jenny Str\u00f6mstedt ber om urs\u00e4kt genom att dela vidare ett svar hon tidigare skrivit om videon p\u00e5 Instagram:<\/p>\n<p>\u201dDet var v\u00e4ldigt bra att inl\u00e4gget togs ned snabbt eftersom det blev s\u00e5 in i helvete fel och jag sk\u00e4ms och ber om urs\u00e4kt\u201d, skriver hon bland annat och ber\u00e4ttar att h\u00e4ndelsen lett till att s\u00e4llskapet haft \u201dm\u00e5nga bra och viktiga diskussioner efter\u00e5t\u201d.<\/p>\n<p><img loading=\"lazy\"   alt=\"\"\/><\/p>\n<p>Jenny Str\u00f6mstedts urs\u00e4kt p\u00e5 Instagram.<\/p>\n<p>Foto: Instagram<\/p>\n<p>\u00d6ppna bild i helsk\u00e4rm<img loading=\"lazy\"   alt=\"\"\/><\/p>\n<p>Niklas Str\u00f6mstedts urs\u00e4kt.<\/p>\n<p>Foto: Instagram<\/p>\n<p>\u00d6ppna bild i helsk\u00e4rm<\/p>\n","protected":false},"excerpt":{"rendered":"Publicerad 3 jan 2026 kl 13.04 I en video l\u00e5tsades flera svenska k\u00e4ndisar vara thail\u00e4ndare \u2013 vilket skapade&hellip;\n","protected":false},"author":2,"featured_media":124461,"comment_status":"","ping_status":"","sticky":false,"template":"","format":"standard","meta":{"footnotes":""},"categories":[67],"tags":[104,13054,3791,34,31,33,32,30,966,105],"class_list":{"0":"post-124460","1":"post","2":"type-post","3":"status-publish","4":"format-standard","5":"has-post-thumbnail","7":"category-underhallning","8":"tag-entertainment","9":"tag-person-jenny-stromstedt","10":"tag-person-niklas-stromstedt","11":"tag-se","12":"tag-svenska","13":"tag-sverige","14":"tag-sweden","15":"tag-swedish","16":"tag-topic-sociala-medier","17":"tag-underhallning"},"share_on_mastodon":{"url":"https:\/\/pubeurope.com\/@se\/115831221982264930","error":""},"_links":{"self":[{"href":"https:\/\/www.europesays.com\/se\/wp-json\/wp\/v2\/posts\/124460","targetHints":{"allow":["GET"]}}],"collection":[{"href":"https:\/\/www.europesays.com\/se\/wp-json\/wp\/v2\/posts"}],"about":[{"href":"https:\/\/www.europesays.com\/se\/wp-json\/wp\/v2\/types\/post"}],"author":[{"embeddable":true,"href":"https:\/\/www.europesays.com\/se\/wp-json\/wp\/v2\/users\/2"}],"replies":[{"embeddable":true,"href":"https:\/\/www.europesays.com\/se\/wp-json\/wp\/v2\/comments?post=124460"}],"version-history":[{"count":0,"href":"https:\/\/www.europesays.com\/se\/wp-json\/wp\/v2\/posts\/124460\/revisions"}],"wp:featuredmedia":[{"embeddable":true,"href":"https:\/\/www.europesays.com\/se\/wp-json\/wp\/v2\/media\/124461"}],"wp:attachment":[{"href":"https:\/\/www.europesays.com\/se\/wp-json\/wp\/v2\/media?parent=124460"}],"wp:term":[{"taxonomy":"category","embeddable":true,"href":"https:\/\/www.europesays.com\/se\/wp-json\/wp\/v2\/categories?post=124460"},{"taxonomy":"post_tag","embeddable":true,"href":"https:\/\/www.europesays.com\/se\/wp-json\/wp\/v2\/tags?post=124460"}],"curies":[{"name":"wp","href":"https:\/\/api.w.org\/{rel}","templated":true}]}}