{"id":124473,"date":"2026-01-03T12:53:10","date_gmt":"2026-01-03T12:53:10","guid":{"rendered":"https:\/\/www.europesays.com\/se\/124473\/"},"modified":"2026-01-03T12:53:10","modified_gmt":"2026-01-03T12:53:10","slug":"dadgostar-tanker-inget-om-vansteruppstickare","status":"publish","type":"post","link":"https:\/\/www.europesays.com\/se\/124473\/","title":{"rendered":"Dadgostar \u201dt\u00e4nker inget\u201d om v\u00e4nsteruppstickare"},"content":{"rendered":"<p>Flera nya partier p\u00e5 v\u00e4nsterkanten hoppas vinna v\u00e4ljare inf\u00f6r valet 2026, rapporterar G\u00f6teborgs-Posten. Bland dem finns Framtidens V\u00e4nster, grundat av de tidigare v\u00e4nsterpartisterna Lorena Delgado Varas och Daniel Riazat.<\/p>\n<p>Framtidens V\u00e4nster ing\u00e5r i ett valsamarbete kallat \u201dKoalitionen\u201d tillsammans med bland andra Feministerna, Kommunistiska Partiet, Socialistiskt Alternativ och det kommunistiska f\u00f6rbundet Arbetarmakt.<\/p>\n<p>V\u00e4nsterpartiets ledare Nooshi Dadgostar s\u00e4ger att hon inte \u00e4r orolig.<\/p>\n<p>\u2013 Jag t\u00e4nker ingenting kring det faktiskt, s\u00e4ger hon till tidningen.<\/p>\n<p>Statsvetaren Jonas Hinnfors bed\u00f6mer att uppstickarna har sm\u00e5 chanser att g\u00f6ra avtryck p\u00e5 riksplanet. Det faktum att en del personer l\u00e4mnat V kan till och med locka en del v\u00e4ljare till partiet, menar han.<\/p>\n<p>Omni \u00e4r politiskt obundna och oberoende. Vi str\u00e4var efter att ge fler perspektiv p\u00e5 nyheterna. Har du fr\u00e5gor eller synpunkter kring v\u00e5r rapportering? <a href=\"https:\/\/omni.se\/dadgostar-tanker-ingenting-om-vansteruppstickare\/a\/mailto:redaktion@omni.se\" class=\"ArticleActions_contactLink__W2F1M\" rel=\"nofollow noopener\" target=\"_blank\">Kontakta redaktionen<\/a><\/p>\n","protected":false},"excerpt":{"rendered":"Flera nya partier p\u00e5 v\u00e4nsterkanten hoppas vinna v\u00e4ljare inf\u00f6r valet 2026, rapporterar G\u00f6teborgs-Posten. Bland dem finns Framtidens V\u00e4nster,&hellip;\n","protected":false},"author":2,"featured_media":124474,"comment_status":"","ping_status":"","sticky":false,"template":"","format":"standard","meta":{"footnotes":""},"categories":[12],"tags":[22,23,1405,26,27,17,21,3352,24,25,1407,28,29,15,2895,16,369,18,34,31,33,32,30,19,20,3416,1406],"class_list":{"0":"post-124473","1":"post","2":"type-post","3":"status-publish","4":"format-standard","5":"has-post-thumbnail","7":"category-sverige","8":"tag-breaking-news","9":"tag-breakingnews","10":"tag-daniel-riazat","11":"tag-featured-news","12":"tag-featurednews","13":"tag-headlines","14":"tag-huvudnyheter","15":"tag-jonas-hinnfors","16":"tag-latest-news","17":"tag-latestnews","18":"tag-lorena-delgado-varas","19":"tag-main-news","20":"tag-mainnews","21":"tag-news","22":"tag-nooshi-dadgostar","23":"tag-nyheter","24":"tag-politik","25":"tag-rubriker","26":"tag-se","27":"tag-svenska","28":"tag-sverige","29":"tag-sweden","30":"tag-swedish","31":"tag-top-stories","32":"tag-topstories","33":"tag-valet-2026","34":"tag-vansterpartiet"},"share_on_mastodon":{"url":"https:\/\/pubeurope.com\/@se\/115831269271189191","error":""},"_links":{"self":[{"href":"https:\/\/www.europesays.com\/se\/wp-json\/wp\/v2\/posts\/124473","targetHints":{"allow":["GET"]}}],"collection":[{"href":"https:\/\/www.europesays.com\/se\/wp-json\/wp\/v2\/posts"}],"about":[{"href":"https:\/\/www.europesays.com\/se\/wp-json\/wp\/v2\/types\/post"}],"author":[{"embeddable":true,"href":"https:\/\/www.europesays.com\/se\/wp-json\/wp\/v2\/users\/2"}],"replies":[{"embeddable":true,"href":"https:\/\/www.europesays.com\/se\/wp-json\/wp\/v2\/comments?post=124473"}],"version-history":[{"count":0,"href":"https:\/\/www.europesays.com\/se\/wp-json\/wp\/v2\/posts\/124473\/revisions"}],"wp:featuredmedia":[{"embeddable":true,"href":"https:\/\/www.europesays.com\/se\/wp-json\/wp\/v2\/media\/124474"}],"wp:attachment":[{"href":"https:\/\/www.europesays.com\/se\/wp-json\/wp\/v2\/media?parent=124473"}],"wp:term":[{"taxonomy":"category","embeddable":true,"href":"https:\/\/www.europesays.com\/se\/wp-json\/wp\/v2\/categories?post=124473"},{"taxonomy":"post_tag","embeddable":true,"href":"https:\/\/www.europesays.com\/se\/wp-json\/wp\/v2\/tags?post=124473"}],"curies":[{"name":"wp","href":"https:\/\/api.w.org\/{rel}","templated":true}]}}