{"id":124491,"date":"2026-01-03T13:23:15","date_gmt":"2026-01-03T13:23:15","guid":{"rendered":"https:\/\/www.europesays.com\/se\/124491\/"},"modified":"2026-01-03T13:23:15","modified_gmt":"2026-01-03T13:23:15","slug":"besvikelsen-efter-os-petningen-har-gjort-allt-jag-kan-hockeysverige-se","status":"publish","type":"post","link":"https:\/\/www.europesays.com\/se\/124491\/","title":{"rendered":"Besvikelsen efter OS-petningen: \u201dHar gjort allt jag kan\u201d &#8211; hockeysverige.se"},"content":{"rendered":"<ol>\n<li><a href=\"https:\/\/news.google.com\/rss\/articles\/CBMijwFBVV95cUxNT0E1TDlQR3hZMlppVEJQbzg5bFRrNS1BR2ZCRnlRLURLYUlDdnpScGYxQklUS2pRTTU1LUpGQmMwWF9lN21MNnZxYTYyQmpQYkhSQjZzd2d3QUwzWXhEWG1PNHRYM05qLWE4WVRaYTFZYkNVWnBqbEdoLUMySHZCUlVOVVdBMFVnRFpXSTh2OA?oc=5\" target=\"_blank\" rel=\"nofollow noopener\">Besvikelsen efter OS-petningen: \u201dHar gjort allt jag kan\u201d<\/a>&nbsp;&nbsp;hockeysverige.se<\/li>\n<li><a href=\"https:\/\/news.google.com\/rss\/articles\/CBMiqAFBVV95cUxQMjkwTmFxRUpwZEpaOVdOQ1R0QzM0dXR6WVdLTlZlSUg0N3NpRW1BNTJOb1NJaWRnVV9sRnVHeG8zTy1ac3Y0U0hFRWV4Q0VhUURVMUJyRTVQbjdzaG44MU4zdEM3a0Y0aGVqYmVUbG5mRnYtU25ZSWRaN2d1RGlzdUhFdHFzMGZiSldDdDdyd3dWRkhoRC12TVc2VkFSWDJOZHVJOC03aDM?oc=5\" target=\"_blank\" rel=\"nofollow noopener\">H\u00e4r \u00e4r Tre Kronors trupp till OS 2026<\/a>&nbsp;&nbsp;Aftonbladet<\/li>\n<li><a href=\"https:\/\/news.google.com\/rss\/articles\/CBMirwFBVV95cUxOczVsXzgwS184LUN3Mm5pZnpHTmJkb2tYSnNmNlJocVFTOERtY283dWRYbnp3NmRyWENDTmxJNmVTX2tNOWRycU9yZnpfSmNXNzdpRVZMd3c4VHBIeWRRbzlEN2lXZEdEYXl5TnUydVhMc19fSm5pZm9sMTJrYXRmb3ZLZ0w4MXc2UmU4RmgyVnNjc1JLb2VzMzZtU25xOElWZTE4UWg2bWF4LVFwdWFJ?oc=5\" target=\"_blank\" rel=\"nofollow noopener\">Johanssons besvikelse efter OS-petningen: \u201dSorgligt \u2013 har gjort vad jag kunnat\u201d<\/a>&nbsp;&nbsp;VF<\/li>\n<li><a href=\"https:\/\/news.google.com\/rss\/articles\/CBMioAFBVV95cUxOeGlZZ2xSNE81T3R5Y2oyLWJ1bDNGVGhtdjVOa3c3NGNDRFZCNUh6U1N2VkJER3RxUEQ0eHgtRkl5c3hIb3k2MGJPN2s4LXV3cWZzTkx0Q2YwTW1qRHlhSkc1LU9GOTViQjc2YVRQXzM2emVTcGdkN0xZR1RYM3oweU5zTDltdXB4cXlnRHlfZVJPVzRqdVVEM2tMaGtrUkh4?oc=5\" target=\"_blank\" rel=\"nofollow noopener\">Mina f\u00f6rv\u00e4ntningar \u00e4r orimligt h\u00f6ga<\/a>&nbsp;&nbsp;Expressen<\/li>\n<li><a href=\"https:\/\/news.google.com\/rss\/articles\/CBMib0FVX3lxTE5ka3hCMmtybkFUY1VSTkdGUnNBd0RqbENwclZTek5yenpMOEtTRmRNTWp3Y202ZDcxNUxqRW5mRkl5OVJTakVVYjlXdVhnRXBuYWlqX1dWNWI2NDFtVnpDWkJLbUpHaGM3WXoyRlpVMA?oc=5\" target=\"_blank\" rel=\"nofollow noopener\">Ishockey: Tre Kronors OS-trupp uttagen \u2013 sex nya sedan Four Nations<\/a>&nbsp;&nbsp;SVT Nyheter<\/li>\n<\/ol>\n","protected":false},"excerpt":{"rendered":"Besvikelsen efter OS-petningen: \u201dHar gjort allt jag kan\u201d&nbsp;&nbsp;hockeysverige.se H\u00e4r \u00e4r Tre Kronors trupp till OS 2026&nbsp;&nbsp;Aftonbladet Johanssons besvikelse&hellip;\n","protected":false},"author":2,"featured_media":124492,"comment_status":"","ping_status":"","sticky":false,"template":"","format":"standard","meta":{"footnotes":""},"categories":[68],"tags":[247,2578,34,133,111,110,31,33,32,30],"class_list":{"0":"post-124491","1":"post","2":"type-post","3":"status-publish","4":"format-standard","5":"has-post-thumbnail","7":"category-sport","8":"tag-nhl","9":"tag-os","10":"tag-se","11":"tag-second-news","12":"tag-sport","13":"tag-sports","14":"tag-svenska","15":"tag-sverige","16":"tag-sweden","17":"tag-swedish"},"share_on_mastodon":{"url":"https:\/\/pubeurope.com\/@se\/115831387257871560","error":""},"_links":{"self":[{"href":"https:\/\/www.europesays.com\/se\/wp-json\/wp\/v2\/posts\/124491","targetHints":{"allow":["GET"]}}],"collection":[{"href":"https:\/\/www.europesays.com\/se\/wp-json\/wp\/v2\/posts"}],"about":[{"href":"https:\/\/www.europesays.com\/se\/wp-json\/wp\/v2\/types\/post"}],"author":[{"embeddable":true,"href":"https:\/\/www.europesays.com\/se\/wp-json\/wp\/v2\/users\/2"}],"replies":[{"embeddable":true,"href":"https:\/\/www.europesays.com\/se\/wp-json\/wp\/v2\/comments?post=124491"}],"version-history":[{"count":0,"href":"https:\/\/www.europesays.com\/se\/wp-json\/wp\/v2\/posts\/124491\/revisions"}],"wp:featuredmedia":[{"embeddable":true,"href":"https:\/\/www.europesays.com\/se\/wp-json\/wp\/v2\/media\/124492"}],"wp:attachment":[{"href":"https:\/\/www.europesays.com\/se\/wp-json\/wp\/v2\/media?parent=124491"}],"wp:term":[{"taxonomy":"category","embeddable":true,"href":"https:\/\/www.europesays.com\/se\/wp-json\/wp\/v2\/categories?post=124491"},{"taxonomy":"post_tag","embeddable":true,"href":"https:\/\/www.europesays.com\/se\/wp-json\/wp\/v2\/tags?post=124491"}],"curies":[{"name":"wp","href":"https:\/\/api.w.org\/{rel}","templated":true}]}}