{"id":124517,"date":"2026-01-03T13:53:14","date_gmt":"2026-01-03T13:53:14","guid":{"rendered":"https:\/\/www.europesays.com\/se\/124517\/"},"modified":"2026-01-03T13:53:14","modified_gmt":"2026-01-03T13:53:14","slug":"enda-rimliga-ar-en-integrationsamnesti","status":"publish","type":"post","link":"https:\/\/www.europesays.com\/se\/124517\/","title":{"rendered":"\u201dEnda rimliga \u00e4r en integrationsamnesti\u201d"},"content":{"rendered":"<p>P\u00e5 l\u00f6rdagen h\u00e5lls en demonstration p\u00e5 Sergels torg i Stockholm till st\u00f6d f\u00f6r familjer som utvisats eller riskerar utvisning efter att m\u00f6jligheten till s\u00e5 kallat sp\u00e5rbyte tagits bort.<\/p>\n<p>Bakgrunden \u00e4r bland annat utvisningen av Zahra Kazemipour och hennes man Afshad Joubeh, b\u00e5da anst\u00e4llda som v\u00e5rdpersonal p\u00e5 S\u00f6dersjukhuset. Paret ska utvisas till Iran med sina tv\u00e5 barn.<\/p>\n<p>DN har talat med Karin Gyllenring, advokat och vd f\u00f6r Asylbyr\u00e5n, som f\u00f6retr\u00e4der flera personer. Hon s\u00e4ger att det enda rimliga f\u00f6r regeringen \u00e4r att inf\u00f6ra en integrationsamnesti f\u00f6r \u201dsk\u00f6tsamma etablerade sp\u00e5rbytare\u201d.<\/p>\n<p>\u2013 De \u00e4r inte ett problem utan en tillg\u00e5ng f\u00f6r Sverige.<\/p>\n<p>Omni \u00e4r politiskt obundna och oberoende. Vi str\u00e4var efter att ge fler perspektiv p\u00e5 nyheterna. Har du fr\u00e5gor eller synpunkter kring v\u00e5r rapportering? <a href=\"https:\/\/omni.se\/advokat-enda-rimliga-ar-en-integrationsamnesti\/a\/mailto:redaktion@omni.se\" class=\"ArticleActions_contactLink__W2F1M\" rel=\"nofollow noopener\" target=\"_blank\">Kontakta redaktionen<\/a><\/p>\n","protected":false},"excerpt":{"rendered":"P\u00e5 l\u00f6rdagen h\u00e5lls en demonstration p\u00e5 Sergels torg i Stockholm till st\u00f6d f\u00f6r familjer som utvisats eller riskerar&hellip;\n","protected":false},"author":2,"featured_media":124518,"comment_status":"","ping_status":"","sticky":false,"template":"","format":"standard","meta":{"footnotes":""},"categories":[5],"tags":[22,23,26,27,17,21,24,25,28,29,1510,15,16,369,18,34,258,127,31,33,32,30,19,20],"class_list":{"0":"post-124517","1":"post","2":"type-post","3":"status-publish","4":"format-standard","5":"has-post-thumbnail","7":"category-rubriker","8":"tag-breaking-news","9":"tag-breakingnews","10":"tag-featured-news","11":"tag-featurednews","12":"tag-headlines","13":"tag-huvudnyheter","14":"tag-latest-news","15":"tag-latestnews","16":"tag-main-news","17":"tag-mainnews","18":"tag-migrationspolitik","19":"tag-news","20":"tag-nyheter","21":"tag-politik","22":"tag-rubriker","23":"tag-se","24":"tag-stockholm","25":"tag-stockholms-lan","26":"tag-svenska","27":"tag-sverige","28":"tag-sweden","29":"tag-swedish","30":"tag-top-stories","31":"tag-topstories"},"share_on_mastodon":{"url":"https:\/\/pubeurope.com\/@se\/115831505092629003","error":""},"_links":{"self":[{"href":"https:\/\/www.europesays.com\/se\/wp-json\/wp\/v2\/posts\/124517","targetHints":{"allow":["GET"]}}],"collection":[{"href":"https:\/\/www.europesays.com\/se\/wp-json\/wp\/v2\/posts"}],"about":[{"href":"https:\/\/www.europesays.com\/se\/wp-json\/wp\/v2\/types\/post"}],"author":[{"embeddable":true,"href":"https:\/\/www.europesays.com\/se\/wp-json\/wp\/v2\/users\/2"}],"replies":[{"embeddable":true,"href":"https:\/\/www.europesays.com\/se\/wp-json\/wp\/v2\/comments?post=124517"}],"version-history":[{"count":0,"href":"https:\/\/www.europesays.com\/se\/wp-json\/wp\/v2\/posts\/124517\/revisions"}],"wp:featuredmedia":[{"embeddable":true,"href":"https:\/\/www.europesays.com\/se\/wp-json\/wp\/v2\/media\/124518"}],"wp:attachment":[{"href":"https:\/\/www.europesays.com\/se\/wp-json\/wp\/v2\/media?parent=124517"}],"wp:term":[{"taxonomy":"category","embeddable":true,"href":"https:\/\/www.europesays.com\/se\/wp-json\/wp\/v2\/categories?post=124517"},{"taxonomy":"post_tag","embeddable":true,"href":"https:\/\/www.europesays.com\/se\/wp-json\/wp\/v2\/tags?post=124517"}],"curies":[{"name":"wp","href":"https:\/\/api.w.org\/{rel}","templated":true}]}}