{"id":124519,"date":"2026-01-03T13:55:13","date_gmt":"2026-01-03T13:55:13","guid":{"rendered":"https:\/\/www.europesays.com\/se\/124519\/"},"modified":"2026-01-03T13:55:13","modified_gmt":"2026-01-03T13:55:13","slug":"pia-fink-valde-att-bryta-tour-de-ski-direkt-efter-kvalet","status":"publish","type":"post","link":"https:\/\/www.europesays.com\/se\/124519\/","title":{"rendered":"Pia Fink valde att bryta Tour de ski direkt efter kvalet"},"content":{"rendered":"<p>Publicerad 3 jan 2026 kl 14.46Uppdaterad kl 14.51<\/p>\n<p>N\u00e4r sprintfinalerna startade i Val di Fiemme saknades pl\u00f6tsligt en \u00e5kare.<\/p>\n<p>Pia Fink valde att bryta Tour de ski direkt efter kvalet \u2013 och d\u00f6k aldrig upp till sin kvartsfinal.<\/p>\n<p>Myhlback om OS-fr\u00e5gorna: \u201dD\u00e5 blir jag less\u201d<img   alt=\"\"\/><\/p>\n<p>Pia Fink d\u00f6k inte upp till sin kvartsfinal.<\/p>\n<p>Foto: Viaplay<\/p>\n<p>\u00d6ppna bild i helsk\u00e4rm<\/p>\n<p>30-\u00e5ringen fr\u00e5n Tyskland k\u00f6rde in som 23:a i prologen och valde den f\u00f6rsta kvartsfinalen, precis som Maja Dahlqvist och Moa Lundgren.<\/p>\n<p>Men en timme innan sprintfinalerna skulle dra i g\u00e5ng kom beskedet att Pia Fink kastar in handduken.<\/p>\n<p>\u201dDet \u00e4r en f\u00f6rsiktighets\u00e5tg\u00e4rd eftersom hon inte k\u00e4nner sig helt i form och vill undvika en eventuell sjukdom\u201d, skriver det tyska landslaget p\u00e5 Instagram.\u00a0<\/p>\n<p>Fink l\u00e5g tolva i <a href=\"https:\/\/www.expressen.se\/tagg\/organization\/tour-de-ski\/\" class=\"\" rel=\"nofollow noopener\" target=\"_blank\">Tour de ski<\/a> och var b\u00e4sta tyska inf\u00f6r de tv\u00e5 avslutande etapperna, men f\u00e5r nu inte m\u00f6jligheten att ta sig i m\u00e5l uppf\u00f6r Alpe Cermis.<\/p>\n<p>Det tyska damlaget har f\u00f6rsvagats under tourens g\u00e5ng. Sedan tidigare har Katharina Hennig-Dotzler och Coletta Rydzek \u00e5kt hem \u2013 och efter Pia Finks avhopp finns nu endast tre tyskor kvar i Tour de ski: Helen Hoffman, Katherine Sauerbrey och Sofie Krehl.<\/p>\n","protected":false},"excerpt":{"rendered":"Publicerad 3 jan 2026 kl 14.46Uppdaterad kl 14.51 N\u00e4r sprintfinalerna startade i Val di Fiemme saknades pl\u00f6tsligt en&hellip;\n","protected":false},"author":2,"featured_media":124520,"comment_status":"","ping_status":"","sticky":false,"template":"","format":"standard","meta":{"footnotes":""},"categories":[68],"tags":[12204,34,857,111,110,31,33,32,30],"class_list":{"0":"post-124519","1":"post","2":"type-post","3":"status-publish","4":"format-standard","5":"has-post-thumbnail","7":"category-sport","8":"tag-organization-tour-de-ski","9":"tag-se","10":"tag-sections-langdskidor","11":"tag-sport","12":"tag-sports","13":"tag-svenska","14":"tag-sverige","15":"tag-sweden","16":"tag-swedish"},"share_on_mastodon":{"url":"https:\/\/pubeurope.com\/@se\/115831512933957391","error":""},"_links":{"self":[{"href":"https:\/\/www.europesays.com\/se\/wp-json\/wp\/v2\/posts\/124519","targetHints":{"allow":["GET"]}}],"collection":[{"href":"https:\/\/www.europesays.com\/se\/wp-json\/wp\/v2\/posts"}],"about":[{"href":"https:\/\/www.europesays.com\/se\/wp-json\/wp\/v2\/types\/post"}],"author":[{"embeddable":true,"href":"https:\/\/www.europesays.com\/se\/wp-json\/wp\/v2\/users\/2"}],"replies":[{"embeddable":true,"href":"https:\/\/www.europesays.com\/se\/wp-json\/wp\/v2\/comments?post=124519"}],"version-history":[{"count":0,"href":"https:\/\/www.europesays.com\/se\/wp-json\/wp\/v2\/posts\/124519\/revisions"}],"wp:featuredmedia":[{"embeddable":true,"href":"https:\/\/www.europesays.com\/se\/wp-json\/wp\/v2\/media\/124520"}],"wp:attachment":[{"href":"https:\/\/www.europesays.com\/se\/wp-json\/wp\/v2\/media?parent=124519"}],"wp:term":[{"taxonomy":"category","embeddable":true,"href":"https:\/\/www.europesays.com\/se\/wp-json\/wp\/v2\/categories?post=124519"},{"taxonomy":"post_tag","embeddable":true,"href":"https:\/\/www.europesays.com\/se\/wp-json\/wp\/v2\/tags?post=124519"}],"curies":[{"name":"wp","href":"https:\/\/api.w.org\/{rel}","templated":true}]}}