{"id":124543,"date":"2026-01-03T14:23:07","date_gmt":"2026-01-03T14:23:07","guid":{"rendered":"https:\/\/www.europesays.com\/se\/124543\/"},"modified":"2026-01-03T14:23:07","modified_gmt":"2026-01-03T14:23:07","slug":"eus-utrikeschef-maduro-saknar-legitimitet","status":"publish","type":"post","link":"https:\/\/www.europesays.com\/se\/124543\/","title":{"rendered":"EU:s utrikeschef: Maduro saknar legitimitet"},"content":{"rendered":"<p>EU:s utrikeschef Kaja Kallas har pratat med USA:s utrikesminister Marco Rubio efter att Venezuelas president Nicol\u00e1s Maduro tillf\u00e5ngatagits, skriver hon p\u00e5 X. <\/p>\n<p>Det framg\u00e5r inte vad som sades i samtalet men EU f\u00f6ljer utvecklingen, enligt utrikeschefen. <\/p>\n<p>\u201dEU har flera g\u00e5nger slagit fast att Maduro saknar legitimitet\u201d, skriver hon. <\/p>\n<p>Kallas skriver ocks\u00e5 att EU manar till \u00e5terh\u00e5llsamhet efter de amerikanska attackerna mot Venezuela. <\/p>\n<p>Omni \u00e4r politiskt obundna och oberoende. Vi str\u00e4var efter att ge fler perspektiv p\u00e5 nyheterna. Har du fr\u00e5gor eller synpunkter kring v\u00e5r rapportering? <a href=\"https:\/\/omni.se\/eu-s-utrikeschef-maduro-saknar-legitimitet\/a\/mailto:redaktion@omni.se\" class=\"ArticleActions_contactLink__W2F1M\" rel=\"nofollow noopener\" target=\"_blank\">Kontakta redaktionen<\/a><\/p>\n","protected":false},"excerpt":{"rendered":"EU:s utrikeschef Kaja Kallas har pratat med USA:s utrikesminister Marco Rubio efter att Venezuelas president Nicol\u00e1s Maduro tillf\u00e5ngatagits,&hellip;\n","protected":false},"author":2,"featured_media":124544,"comment_status":"","ping_status":"","sticky":false,"template":"","format":"standard","meta":{"footnotes":""},"categories":[14],"tags":[22,23,73,26,27,17,21,13062,24,25,708,28,29,1120,15,268,16,18,34,31,33,32,30,19,20,74,13061,51,2545,52,53,54],"class_list":{"0":"post-124543","1":"post","2":"type-post","3":"status-publish","4":"format-standard","5":"has-post-thumbnail","7":"category-varlden","8":"tag-breaking-news","9":"tag-breakingnews","10":"tag-eu","11":"tag-featured-news","12":"tag-featurednews","13":"tag-headlines","14":"tag-huvudnyheter","15":"tag-kaja-kallas","16":"tag-latest-news","17":"tag-latestnews","18":"tag-latinamerika","19":"tag-main-news","20":"tag-mainnews","21":"tag-marco-rubio","22":"tag-news","23":"tag-nordamerika","24":"tag-nyheter","25":"tag-rubriker","26":"tag-se","27":"tag-svenska","28":"tag-sverige","29":"tag-sweden","30":"tag-swedish","31":"tag-top-stories","32":"tag-topstories","33":"tag-usa","34":"tag-usa-vs-venezuela","35":"tag-varlden","36":"tag-venezuela","37":"tag-world","38":"tag-world-news","39":"tag-worldnews"},"share_on_mastodon":{"url":"https:\/\/pubeurope.com\/@se\/115831623050287926","error":""},"_links":{"self":[{"href":"https:\/\/www.europesays.com\/se\/wp-json\/wp\/v2\/posts\/124543","targetHints":{"allow":["GET"]}}],"collection":[{"href":"https:\/\/www.europesays.com\/se\/wp-json\/wp\/v2\/posts"}],"about":[{"href":"https:\/\/www.europesays.com\/se\/wp-json\/wp\/v2\/types\/post"}],"author":[{"embeddable":true,"href":"https:\/\/www.europesays.com\/se\/wp-json\/wp\/v2\/users\/2"}],"replies":[{"embeddable":true,"href":"https:\/\/www.europesays.com\/se\/wp-json\/wp\/v2\/comments?post=124543"}],"version-history":[{"count":0,"href":"https:\/\/www.europesays.com\/se\/wp-json\/wp\/v2\/posts\/124543\/revisions"}],"wp:featuredmedia":[{"embeddable":true,"href":"https:\/\/www.europesays.com\/se\/wp-json\/wp\/v2\/media\/124544"}],"wp:attachment":[{"href":"https:\/\/www.europesays.com\/se\/wp-json\/wp\/v2\/media?parent=124543"}],"wp:term":[{"taxonomy":"category","embeddable":true,"href":"https:\/\/www.europesays.com\/se\/wp-json\/wp\/v2\/categories?post=124543"},{"taxonomy":"post_tag","embeddable":true,"href":"https:\/\/www.europesays.com\/se\/wp-json\/wp\/v2\/tags?post=124543"}],"curies":[{"name":"wp","href":"https:\/\/api.w.org\/{rel}","templated":true}]}}