{"id":124579,"date":"2026-01-03T15:15:06","date_gmt":"2026-01-03T15:15:06","guid":{"rendered":"https:\/\/www.europesays.com\/se\/124579\/"},"modified":"2026-01-03T15:15:06","modified_gmt":"2026-01-03T15:15:06","slug":"vintersport-mardrom-for-alvar-myhlback-brot-staven-direkt","status":"publish","type":"post","link":"https:\/\/www.europesays.com\/se\/124579\/","title":{"rendered":"Vintersport: Mardr\u00f6m f\u00f6r Alvar Myhlback \u2013br\u00f6t staven direkt"},"content":{"rendered":"<p>Alvar Myhlback blev b\u00e4sta svensk i sprintkvalet i Val di Fiemme p\u00e5 tionde plats. <\/p>\n<p>Men i kvartsfinalen br\u00f6t svensken sin stav direkt och hamnade en bra bit bakom fr\u00e5n start. <\/p>\n<p>\u2013 F\u00f6rsta tanken \u00e4r att det \u00e4r k\u00f6rt, jag kan bara skita i det h\u00e4r, v\u00e4nda ryggen och \u00e5ka hem, s\u00e4ger han till SVT Sport och forts\u00e4tter: <\/p>\n<p>\u2013 Men sen \u00e4r det n\u00e5gonting i en som k\u00e4nner att \u201djag ska fan klara det h\u00e4r\u201d. Men det \u00e4r en j\u00e4ttesv\u00e5r uppgift. <\/p>\n<p>19-\u00e5ringen k\u00e4mpade sig igenom loppet och kom n\u00e4stan ikapp klungan, men \u00e5kte i m\u00e5l sist i sin kvartsfinal och blev d\u00e4rmed utslagen. <\/p>\n<p>\u2013 Det \u00e4r inte m\u00e5nga meter till s\u00e5 \u00e4r jag med och d\u00e5 \u00e4r det inte m\u00e5nga som sl\u00e5r mig p\u00e5 en spurt. <\/p>\n<p>\u00c4ven Edvin Anger blev utslagen i kvartsfinal.<\/p>\n<p>T\u00e4vlingen p\u00e5g\u00e5r.<\/p>\n","protected":false},"excerpt":{"rendered":"Alvar Myhlback blev b\u00e4sta svensk i sprintkvalet i Val di Fiemme p\u00e5 tionde plats. Men i kvartsfinalen br\u00f6t&hellip;\n","protected":false},"author":2,"featured_media":124580,"comment_status":"","ping_status":"","sticky":false,"template":"","format":"standard","meta":{"footnotes":""},"categories":[5],"tags":[22,23,26,27,17,21,24,25,28,29,15,16,18,34,31,33,32,30,19,20],"class_list":{"0":"post-124579","1":"post","2":"type-post","3":"status-publish","4":"format-standard","5":"has-post-thumbnail","7":"category-rubriker","8":"tag-breaking-news","9":"tag-breakingnews","10":"tag-featured-news","11":"tag-featurednews","12":"tag-headlines","13":"tag-huvudnyheter","14":"tag-latest-news","15":"tag-latestnews","16":"tag-main-news","17":"tag-mainnews","18":"tag-news","19":"tag-nyheter","20":"tag-rubriker","21":"tag-se","22":"tag-svenska","23":"tag-sverige","24":"tag-sweden","25":"tag-swedish","26":"tag-top-stories","27":"tag-topstories"},"share_on_mastodon":{"url":"https:\/\/pubeurope.com\/@se\/115831827477956368","error":""},"_links":{"self":[{"href":"https:\/\/www.europesays.com\/se\/wp-json\/wp\/v2\/posts\/124579","targetHints":{"allow":["GET"]}}],"collection":[{"href":"https:\/\/www.europesays.com\/se\/wp-json\/wp\/v2\/posts"}],"about":[{"href":"https:\/\/www.europesays.com\/se\/wp-json\/wp\/v2\/types\/post"}],"author":[{"embeddable":true,"href":"https:\/\/www.europesays.com\/se\/wp-json\/wp\/v2\/users\/2"}],"replies":[{"embeddable":true,"href":"https:\/\/www.europesays.com\/se\/wp-json\/wp\/v2\/comments?post=124579"}],"version-history":[{"count":0,"href":"https:\/\/www.europesays.com\/se\/wp-json\/wp\/v2\/posts\/124579\/revisions"}],"wp:featuredmedia":[{"embeddable":true,"href":"https:\/\/www.europesays.com\/se\/wp-json\/wp\/v2\/media\/124580"}],"wp:attachment":[{"href":"https:\/\/www.europesays.com\/se\/wp-json\/wp\/v2\/media?parent=124579"}],"wp:term":[{"taxonomy":"category","embeddable":true,"href":"https:\/\/www.europesays.com\/se\/wp-json\/wp\/v2\/categories?post=124579"},{"taxonomy":"post_tag","embeddable":true,"href":"https:\/\/www.europesays.com\/se\/wp-json\/wp\/v2\/tags?post=124579"}],"curies":[{"name":"wp","href":"https:\/\/api.w.org\/{rel}","templated":true}]}}