{"id":124585,"date":"2026-01-03T15:25:21","date_gmt":"2026-01-03T15:25:21","guid":{"rendered":"https:\/\/www.europesays.com\/se\/124585\/"},"modified":"2026-01-03T15:25:21","modified_gmt":"2026-01-03T15:25:21","slug":"fiasko-for-calle-halfvarsson-i-jakten-pa-os-slogs-ut","status":"publish","type":"post","link":"https:\/\/www.europesays.com\/se\/124585\/","title":{"rendered":"Fiasko f\u00f6r Calle Halfvarsson i jakten p\u00e5 OS \u2013 slogs ut"},"content":{"rendered":"<p>Publicerad 2 jan 2026 kl 12.32Uppdaterad kl 15.00<\/p>\n<p>Svensk dubbelseger i skandinaviska cupen.<\/p>\n<p>Men f\u00f6r Calle Halfvarsson blev det fiasko i comebacken \u2013 och missade d\u00e4rmed med all sannolikhet chansen till en plats i OS-sprinten.<\/p>\n<p>\u2013 Det han g\u00f6r \u00e4r inte bra nog, s\u00e4ger landslagstr\u00e4naren Anders H\u00f6gberg.<\/p>\n<p><img   alt=\"\"\/> <\/p>\n<p>Foto: MAXIM THORE \/ BILDBYR\u00c5N<\/p>\n<p>\u00d6ppna bild i helsk\u00e4rm<\/p>\n<p>N\u00e4r <a href=\"https:\/\/www.expressen.se\/tagg\/person\/calle-halfvarsson\/\" class=\"\" rel=\"nofollow noopener\" target=\"_blank\">Calle Halfvarsson<\/a> i v\u00e5ras valde att bryta sig loss fr\u00e5n landslaget var siktet inst\u00e4llt p\u00e5 en specifik distans.<\/p>\n<p>\u2013 Ja, det blir en sprintsatsning de sista \u00e5ren jag har kvar. Jag har egentligen aldrig gjort det tidigare, mer bara tr\u00e4nat p\u00e5 distans och k\u00f6rt p\u00e5 ungef\u00e4r i samma fotsp\u00e5r varje \u00e5r. S\u00e5 det h\u00e4r k\u00e4nns som en rolig utmaning, sa 36-\u00e5ringen till Expressen.<\/p>\n<p>Men det har inte blivit som Halfvarsson t\u00e4nkt.<\/p>\n<p>Efter svaga resultat i G\u00e4llivare-premi\u00e4ren i slutet av november petades han fr\u00e5n v\u00e4rldscupen \u2013 f\u00f6r att sedan bli sjuk.<\/p>\n<p>P\u00e5 fredagen gjorde Calle Halfvarsson comeback i t\u00e4vlingssp\u00e5ren och hade kniven mot strupen i skandinaviska cupen i finska Hakunila.<\/p>\n<p>Innan jul fick Anton Grahn och Alvar Myhlback OS-biljetter, vilket inneb\u00e4r att det bara finns en sprintplats kvar i det svenska laget.<\/p>\n<p>Fiasko \u00e4ven f\u00f6r Grate och Svensson<\/p>\n<p>Skandinaviska cupen \u00e4r sista chansen f\u00f6r Halfvarsson att ta sig ut p\u00e5 v\u00e4rldscupen och d\u00e4rmed kunna fajtas om den sista sprintplatsen.\u00a0<\/p>\n<p>Veteranen gick med n\u00f6d och n\u00e4ppe vidare fr\u00e5n sprintvalet i Hakunila \u2013 men sedan tog det stopp. Calle Halfvarsson slutade femma i sitt heat och slogs ut.<\/p>\n<p>\u2013 Det var OS-dr\u00f6mmen f\u00f6r Halfvarsson, s\u00e4ger kommentatorn Kjell-Erik Kristiansen i SC Play.<\/p>\n<p>D\u00e4remot kan Halfvarsson fortfarande bli uttagen till distansloppen i OS. 20 kilometer klassiskt och 10 kilometer fristil avg\u00f6rs i skandinaviska cupen p\u00e5 l\u00f6rdag och s\u00f6ndag.<\/p>\n<p>\u2013 Inga d\u00f6rrar \u00e4r st\u00e4ngda och igenbommade \u00e4nnu. Det \u00e5terst\u00e5r ju ocks\u00e5 t\u00e4vlingar i Falun och Oberhof, s\u00e4ger landslagstr\u00e4naren Anders H\u00f6gberg.<\/p>\n<p>\u00c4n v\u00e4rre gick det f\u00f6r landslags\u00e5karna Marcus Grate och Oskar Svensson som inte ens gick vidare till kvartsfinal.<\/p>\n<p>Svensk dubbelseger<\/p>\n<p>Men det blev \u00e4nd\u00e5 en svensk succ\u00e9 till slut.<\/p>\n<p>F\u00f6rst vann Sofia Henriksson damernas final i imponerande stil innan Jesper Persson spurtade ner norrmannen Amund August Korts\u00e4th p\u00e5 upploppet.<\/p>\n<p>\u2013 Sverige har enormt bra skidor, s\u00e4ger Kjell-Erik Kristiansen.<\/p>\n<p>P\u00e5 herrsidan finns ocks\u00e5 fortfarande en \u00f6ppen plats f\u00f6r en sprinter i den svenska OS-truppen.<\/p>\n<p>Och Jesper Perssons insats i Hakunila gick inte obem\u00e4rkt f\u00f6rbi landslagsledningen p\u00e5 plats nere p\u00e5 Tour de ski.<\/p>\n<p>\u2013 Det var fantastiskt kul att se hur Jesper \u00e5kte. Fin prolog, och sedan tog han initiativ och \u00e5kte offensivt hela dagen, s\u00e4ger Anders H\u00f6gberg, tr\u00e4nare f\u00f6r herralandslaget.<\/p>\n<p><strong>Kan det bli Persson som f\u00e5r den sista sprintplatsen i OS?<\/strong><\/p>\n<p>\u2013 Det finns ett par t\u00e4vlingar kvar innan det spikas. Men hade det varit i dag vi tagit ut truppen hade Jesper haft de hetaste korten p\u00e5 hand, s\u00e4ger Anders H\u00f6gberg.\u00a0<\/p>\n<p>Skandinaviska cupen forts\u00e4tter allts\u00e5 i Finland hela helgen \u2013 men utan landslags\u00e5karen Jens Burman.<\/p>\n<p>\u2013 Jens har tyv\u00e4rr varit krasslig. Han siktar p\u00e5 att kunna t\u00e4vla igen i Falun n\u00e4sta helg, s\u00e4ger Anders H\u00f6gberg.<\/p>\n","protected":false},"excerpt":{"rendered":"Publicerad 2 jan 2026 kl 12.32Uppdaterad kl 15.00 Svensk dubbelseger i skandinaviska cupen. Men f\u00f6r Calle Halfvarsson blev&hellip;\n","protected":false},"author":2,"featured_media":124586,"comment_status":"","ping_status":"","sticky":false,"template":"","format":"standard","meta":{"footnotes":""},"categories":[68],"tags":[2229,34,857,111,110,31,33,32,30],"class_list":{"0":"post-124585","1":"post","2":"type-post","3":"status-publish","4":"format-standard","5":"has-post-thumbnail","7":"category-sport","8":"tag-person-calle-halfvarsson","9":"tag-se","10":"tag-sections-langdskidor","11":"tag-sport","12":"tag-sports","13":"tag-svenska","14":"tag-sverige","15":"tag-sweden","16":"tag-swedish"},"share_on_mastodon":{"url":"https:\/\/pubeurope.com\/@se\/115831866973446580","error":""},"_links":{"self":[{"href":"https:\/\/www.europesays.com\/se\/wp-json\/wp\/v2\/posts\/124585","targetHints":{"allow":["GET"]}}],"collection":[{"href":"https:\/\/www.europesays.com\/se\/wp-json\/wp\/v2\/posts"}],"about":[{"href":"https:\/\/www.europesays.com\/se\/wp-json\/wp\/v2\/types\/post"}],"author":[{"embeddable":true,"href":"https:\/\/www.europesays.com\/se\/wp-json\/wp\/v2\/users\/2"}],"replies":[{"embeddable":true,"href":"https:\/\/www.europesays.com\/se\/wp-json\/wp\/v2\/comments?post=124585"}],"version-history":[{"count":0,"href":"https:\/\/www.europesays.com\/se\/wp-json\/wp\/v2\/posts\/124585\/revisions"}],"wp:featuredmedia":[{"embeddable":true,"href":"https:\/\/www.europesays.com\/se\/wp-json\/wp\/v2\/media\/124586"}],"wp:attachment":[{"href":"https:\/\/www.europesays.com\/se\/wp-json\/wp\/v2\/media?parent=124585"}],"wp:term":[{"taxonomy":"category","embeddable":true,"href":"https:\/\/www.europesays.com\/se\/wp-json\/wp\/v2\/categories?post=124585"},{"taxonomy":"post_tag","embeddable":true,"href":"https:\/\/www.europesays.com\/se\/wp-json\/wp\/v2\/tags?post=124585"}],"curies":[{"name":"wp","href":"https:\/\/api.w.org\/{rel}","templated":true}]}}