{"id":124587,"date":"2026-01-03T15:26:51","date_gmt":"2026-01-03T15:26:51","guid":{"rendered":"https:\/\/www.europesays.com\/se\/124587\/"},"modified":"2026-01-03T15:26:51","modified_gmt":"2026-01-03T15:26:51","slug":"prince-trendar-efter-finalen-av-stranger-things","status":"publish","type":"post","link":"https:\/\/www.europesays.com\/se\/124587\/","title":{"rendered":"Prince trendar efter finalen av &#8221;Stranger things&#8221;"},"content":{"rendered":"<p>Publicerad 3 jan 2026 kl 13.46<\/p>\n<p>Flera av Princes \u00e5ttiotalshits har f\u00e5tt en rej\u00e4l boost p\u00e5 Spotify efter finalavsnittet av serien \u201dStranger things\u201d.<\/p>\n<p><img   alt=\"\"\/><\/p>\n<p>Prince.<\/p>\n<p>Foto: RICHARD HARTOG \/ LOS ANGELES TIMES \/ POLARIS\/ALL POLARIS<\/p>\n<p>\u00d6ppna bild i helsk\u00e4rm<img loading=\"lazy\"   alt=\"\"\/><\/p>\n<p>Millie Bobby Brown som Eleven i serien.<\/p>\n<p>Foto: RUBA \/ BACKGRID UK \/ TT \/ TT NYHETSBYR\u00c5N<\/p>\n<p>\u00d6ppna bild i helsk\u00e4rm<\/p>\n<p>B\u00e5de \u201dWhen doves cry\u201d och \u201dPurple rain\u201d h\u00f6rs vid avg\u00f6rande \u00f6gonblick i den rafflande uppl\u00f6sningen av Sci-fi-skr\u00e4ck-dramat och sedan det sista avsnittet sl\u00e4pptes p\u00e5 ny\u00e5rsafton har str\u00f6mningen av \u201dPurple rain\u201d \u00f6kat med 243 procent i globalt och hela 577 procent bland generation Z, skriver <a href=\"https:\/\/variety.com\/2026\/music\/news\/prince-spotify-streams-double-stranger-things-finale-1236622410\/\" rel=\"nofollow noopener\" target=\"_blank\">Variety<\/a>.<\/p>\n<p>Enligt seriens medskapare Ross Duffer var valet av musik ingen slump.<\/p>\n<p>\u2013 Vi har aldrig diskuterat ett l\u00e5tval s\u00e5 mycket som vi gjorde f\u00f6r det \u00f6gonblicket. Det som gjorde det extra sp\u00e4nnande var att Princes d\u00f6dsbo inte brukar ge till\u00e5telse till att musiken fr\u00e5n filmen \u201dPurple Rain\u201d fr\u00e5n 1984 anv\u00e4nds i andra sammanhang.<\/p>\n<p>\u2013 Vi fick h\u00f6ra att det var en l\u00e5ngs\u00f6kt chansning, s\u00e5 vi h\u00f6ll bara tummarna, ber\u00e4ttar hans tvillingbror Matt Duffer f\u00f6r <a href=\"https:\/\/www.expressen.se\/tagg\/organization\/netflix\/\" class=\"\" rel=\"nofollow noopener\" target=\"_blank\">Netflix<\/a>-forumet Tudum.<\/p>\n","protected":false},"excerpt":{"rendered":"Publicerad 3 jan 2026 kl 13.46 Flera av Princes \u00e5ttiotalshits har f\u00e5tt en rej\u00e4l boost p\u00e5 Spotify efter&hellip;\n","protected":false},"author":2,"featured_media":124588,"comment_status":"","ping_status":"","sticky":false,"template":"","format":"standard","meta":{"footnotes":""},"categories":[67],"tags":[104,1839,1550,1485,34,775,31,33,32,30,105],"class_list":{"0":"post-124587","1":"post","2":"type-post","3":"status-publish","4":"format-standard","5":"has-post-thumbnail","7":"category-underhallning","8":"tag-entertainment","9":"tag-organization-netflix","10":"tag-organization-spotify","11":"tag-organization-stranger-things","12":"tag-se","13":"tag-sections-musik","14":"tag-svenska","15":"tag-sverige","16":"tag-sweden","17":"tag-swedish","18":"tag-underhallning"},"share_on_mastodon":{"url":"https:\/\/pubeurope.com\/@se\/115831874769973222","error":""},"_links":{"self":[{"href":"https:\/\/www.europesays.com\/se\/wp-json\/wp\/v2\/posts\/124587","targetHints":{"allow":["GET"]}}],"collection":[{"href":"https:\/\/www.europesays.com\/se\/wp-json\/wp\/v2\/posts"}],"about":[{"href":"https:\/\/www.europesays.com\/se\/wp-json\/wp\/v2\/types\/post"}],"author":[{"embeddable":true,"href":"https:\/\/www.europesays.com\/se\/wp-json\/wp\/v2\/users\/2"}],"replies":[{"embeddable":true,"href":"https:\/\/www.europesays.com\/se\/wp-json\/wp\/v2\/comments?post=124587"}],"version-history":[{"count":0,"href":"https:\/\/www.europesays.com\/se\/wp-json\/wp\/v2\/posts\/124587\/revisions"}],"wp:featuredmedia":[{"embeddable":true,"href":"https:\/\/www.europesays.com\/se\/wp-json\/wp\/v2\/media\/124588"}],"wp:attachment":[{"href":"https:\/\/www.europesays.com\/se\/wp-json\/wp\/v2\/media?parent=124587"}],"wp:term":[{"taxonomy":"category","embeddable":true,"href":"https:\/\/www.europesays.com\/se\/wp-json\/wp\/v2\/categories?post=124587"},{"taxonomy":"post_tag","embeddable":true,"href":"https:\/\/www.europesays.com\/se\/wp-json\/wp\/v2\/tags?post=124587"}],"curies":[{"name":"wp","href":"https:\/\/api.w.org\/{rel}","templated":true}]}}