{"id":124611,"date":"2026-01-03T16:05:12","date_gmt":"2026-01-03T16:05:12","guid":{"rendered":"https:\/\/www.europesays.com\/se\/124611\/"},"modified":"2026-01-03T16:05:12","modified_gmt":"2026-01-03T16:05:12","slug":"nar-det-hugger-till-vill-man-forsvinna","status":"publish","type":"post","link":"https:\/\/www.europesays.com\/se\/124611\/","title":{"rendered":"\u201dN\u00e4r det hugger till vill man f\u00f6rsvinna\u201d"},"content":{"rendered":"<p>William Poromaa misst\u00e4nkte tidigare i veckan att han hade brutit ett revben. Trots sm\u00e4rtan st\u00e4llde han upp i l\u00f6rdagens sprint i Val di Fiemme men slogs ut redan i kvalet.<\/p>\n<p>\u2013 N\u00e4r det hugger till d\u00e5 vill man f\u00f6rsvinna, sa han enligt SVT\u202fSport.<\/p>\n<p>Det \u00e4r oklart om Poromaa kommer att forts\u00e4tta t\u00e4vla.<\/p>\n<p>Omni \u00e4r politiskt obundna och oberoende. Vi str\u00e4var efter att ge fler perspektiv p\u00e5 nyheterna. Har du fr\u00e5gor eller synpunkter kring v\u00e5r rapportering? <a href=\"https:\/\/omni.se\/poromaa-nar-det-hugger-till-vill-man-forsvinna\/a\/mailto:redaktion@omni.se\" class=\"ArticleActions_contactLink__W2F1M\" rel=\"nofollow noopener\" target=\"_blank\">Kontakta redaktionen<\/a><\/p>\n","protected":false},"excerpt":{"rendered":"William Poromaa misst\u00e4nkte tidigare i veckan att han hade brutit ett revben. Trots sm\u00e4rtan st\u00e4llde han upp i&hellip;\n","protected":false},"author":2,"featured_media":124612,"comment_status":"","ping_status":"","sticky":false,"template":"","format":"standard","meta":{"footnotes":""},"categories":[68],"tags":[3237,34,111,110,31,33,32,30,9494],"class_list":{"0":"post-124611","1":"post","2":"type-post","3":"status-publish","4":"format-standard","5":"has-post-thumbnail","7":"category-sport","8":"tag-langdskidor","9":"tag-se","10":"tag-sport","11":"tag-sports","12":"tag-svenska","13":"tag-sverige","14":"tag-sweden","15":"tag-swedish","16":"tag-william-poromaa"},"share_on_mastodon":{"url":"https:\/\/pubeurope.com\/@se\/115832024508978150","error":""},"_links":{"self":[{"href":"https:\/\/www.europesays.com\/se\/wp-json\/wp\/v2\/posts\/124611","targetHints":{"allow":["GET"]}}],"collection":[{"href":"https:\/\/www.europesays.com\/se\/wp-json\/wp\/v2\/posts"}],"about":[{"href":"https:\/\/www.europesays.com\/se\/wp-json\/wp\/v2\/types\/post"}],"author":[{"embeddable":true,"href":"https:\/\/www.europesays.com\/se\/wp-json\/wp\/v2\/users\/2"}],"replies":[{"embeddable":true,"href":"https:\/\/www.europesays.com\/se\/wp-json\/wp\/v2\/comments?post=124611"}],"version-history":[{"count":0,"href":"https:\/\/www.europesays.com\/se\/wp-json\/wp\/v2\/posts\/124611\/revisions"}],"wp:featuredmedia":[{"embeddable":true,"href":"https:\/\/www.europesays.com\/se\/wp-json\/wp\/v2\/media\/124612"}],"wp:attachment":[{"href":"https:\/\/www.europesays.com\/se\/wp-json\/wp\/v2\/media?parent=124611"}],"wp:term":[{"taxonomy":"category","embeddable":true,"href":"https:\/\/www.europesays.com\/se\/wp-json\/wp\/v2\/categories?post=124611"},{"taxonomy":"post_tag","embeddable":true,"href":"https:\/\/www.europesays.com\/se\/wp-json\/wp\/v2\/tags?post=124611"}],"curies":[{"name":"wp","href":"https:\/\/api.w.org\/{rel}","templated":true}]}}