{"id":124618,"date":"2026-01-03T16:14:10","date_gmt":"2026-01-03T16:14:10","guid":{"rendered":"https:\/\/www.europesays.com\/se\/124618\/"},"modified":"2026-01-03T16:14:10","modified_gmt":"2026-01-03T16:14:10","slug":"kriminalsuccen-sanningen-far-en-tredje-sasong","status":"publish","type":"post","link":"https:\/\/www.europesays.com\/se\/124618\/","title":{"rendered":"Kriminalsucc\u00e9n &#8221;Sanningen&#8221; f\u00e5r en tredje s\u00e4song"},"content":{"rendered":"<p>Lite drygt en vecka efter att andra s\u00e4songen av \u201dSanningen\u201d haft premi\u00e4r p\u00e5 TV4, kommer beskedet om framtiden: S\u00e4song 3 har f\u00e5tt gr\u00f6nt ljus.<\/p>\n<p>Exakt n\u00e4r den kommer s\u00e4ndas \u00e4r oklart, men inspelningarna drar ig\u00e5ng till v\u00e5ren i Sk\u00e5ne.<\/p>\n<p>F\u00f6rsta s\u00e4songen av \u201dSanningen\u201d fick en <a href=\"https:\/\/www.moviezine.se\/recensioner\/spanning-och-hogt-tempo-nar-sanningen-ska-fram\" rel=\"nofollow noopener\" target=\"_blank\">trea i betyg h\u00e4r p\u00e5 MovieZine<\/a> (f\u00f6r sp\u00e4nning och h\u00f6gt tempo), och den <a href=\"https:\/\/www.moviezine.se\/recensioner\/sanningen-sofia-helin-urstark-dramatik-och-tat-spanning\" rel=\"nofollow noopener\" target=\"_blank\">andra fick en fyra<\/a> (f\u00f6r urstark dramatik). \u00c4r det med andra ord dags f\u00f6r den klockrena femman?<\/p>\n<p>Oavsett s\u00e5 \u00e4r det h\u00e4r goda nyheter f\u00f6r fansen som f\u00f6ljt serien, och det \u00e4r tydligen ingen liten skara. Producenten Petra Ahlin kommenterar:<\/p>\n<p>\u2013 \u201dSanningen\u201d har blivit en av v\u00e5ra mest uppskattade serier, s\u00e4song tv\u00e5 har engagerat m\u00e5nga av v\u00e5ra tittare. D\u00e4rf\u00f6r \u00e4r vi glada att redan nu kunna bekr\u00e4fta en tredje s\u00e4song \u2013 som f\u00f6rdjupar ber\u00e4ttelsen och forts\u00e4tter att utveckla serien med samma h\u00f6ga ambition och kvalitet..<\/p>\n<p>Sofia Helin, seriens huvudrollsinnehavare, delar uppskattningen.<\/p>\n<p>\u2013 Jag \u00e4r s\u00e5 glad att publiken i s\u00e5 m\u00e5nga l\u00e4nder f\u00f6ljer \u201dSanningen\u201d. Det finns mycket mer att ber\u00e4tta om de h\u00e4r karakt\u00e4rerna s\u00e5 jag ser fram emot att spela in en ny s\u00e4song.<\/p>\n<p>Serien handlar om Iris Boman (Helin), som har startat ett nytt liv i Malm\u00f6 efter en personlig tragedi i Stockholm. Nu arbetar hon, tillsammans med ett team, med att l\u00f6sa kalla fall. Det \u00e4r ol\u00f6sta mord som avsl\u00f6jar dramatiska livs\u00f6den!<\/p>\n<p>F\u00f6rutom Helin \u00e5terv\u00e4nder \u00e4ven Kajsa Ernst, H\u00e5kan Bengtsson och Inez Micaela Andersson. Manusf\u00f6rfattare \u00e4r Camilla Ahlgren (Bron), Martin Asphaug (G\u00e5smamman) och Alex Haridi (K\u00e4rlek &amp; Anarki). Erik Leijonborg och Patrik Gyllstr\u00f6m regisserar.<\/p>\n<p>L\u00e4s ocks\u00e5: <a href=\"https:\/\/www.moviezine.se\/nyheter\/3-spannande-nya-serier-streamar-i-mellandagarna-ethan-hawk-briljerar-i-underhallande-western\" title=\"3 nya serier streamar i mellandagarna \u2013 sp\u00e4nnande svenska premi\u00e4rer i fokus\" class=\"underline-custom !font-montserrat !font-bold !underline-offset-4 !decoration-4 !decoration-moviezine-green !text-md\" rel=\"nofollow noopener\" target=\"_blank\">3 nya serier streamar i mellandagarna \u2013 sp\u00e4nnande svenska premi\u00e4rer i fokus<\/a><\/p>\n<p>L\u00e4s ocks\u00e5: <a href=\"https:\/\/www.moviezine.se\/nyheter\/nya-tv-serier-streaming-december-2025\" title=\"Nya tv-serier i december: 9 riktigt lovande premi\u00e4rer innan \u00e5rets slut\" class=\"underline-custom !font-montserrat !font-bold !underline-offset-4 !decoration-4 !decoration-moviezine-green !text-md\" rel=\"nofollow noopener\" target=\"_blank\">Nya tv-serier i december: 9 riktigt lovande premi\u00e4rer innan \u00e5rets slut<\/a><\/p>\n<p>L\u00e4s ocks\u00e5: <a href=\"https:\/\/www.moviezine.se\/nyheter\/harlan-cobens-nya-deckarserie-streamar-nu-hos-netflix-sa-tycker-kritikerna\" title=\"Harlan Cobens nya deckarserie streamar nu hos Netflix \u2013 s\u00e5 tycker kritikerna\" class=\"underline-custom !font-montserrat !font-bold !underline-offset-4 !decoration-4 !decoration-moviezine-green !text-md\" rel=\"nofollow noopener\" target=\"_blank\">Harlan Cobens nya deckarserie streamar nu hos Netflix \u2013 s\u00e5 tycker kritikerna<\/a><\/p>\n","protected":false},"excerpt":{"rendered":"Lite drygt en vecka efter att andra s\u00e4songen av \u201dSanningen\u201d haft premi\u00e4r p\u00e5 TV4, kommer beskedet om framtiden:&hellip;\n","protected":false},"author":2,"featured_media":124619,"comment_status":"","ping_status":"","sticky":false,"template":"","format":"standard","meta":{"footnotes":""},"categories":[67],"tags":[104,34,2959,31,33,32,30,105],"class_list":{"0":"post-124618","1":"post","2":"type-post","3":"status-publish","4":"format-standard","5":"has-post-thumbnail","7":"category-underhallning","8":"tag-entertainment","9":"tag-se","10":"tag-svensk-serie","11":"tag-svenska","12":"tag-sverige","13":"tag-sweden","14":"tag-swedish","15":"tag-underhallning"},"share_on_mastodon":{"url":"https:\/\/pubeurope.com\/@se\/115832059522008869","error":""},"_links":{"self":[{"href":"https:\/\/www.europesays.com\/se\/wp-json\/wp\/v2\/posts\/124618","targetHints":{"allow":["GET"]}}],"collection":[{"href":"https:\/\/www.europesays.com\/se\/wp-json\/wp\/v2\/posts"}],"about":[{"href":"https:\/\/www.europesays.com\/se\/wp-json\/wp\/v2\/types\/post"}],"author":[{"embeddable":true,"href":"https:\/\/www.europesays.com\/se\/wp-json\/wp\/v2\/users\/2"}],"replies":[{"embeddable":true,"href":"https:\/\/www.europesays.com\/se\/wp-json\/wp\/v2\/comments?post=124618"}],"version-history":[{"count":0,"href":"https:\/\/www.europesays.com\/se\/wp-json\/wp\/v2\/posts\/124618\/revisions"}],"wp:featuredmedia":[{"embeddable":true,"href":"https:\/\/www.europesays.com\/se\/wp-json\/wp\/v2\/media\/124619"}],"wp:attachment":[{"href":"https:\/\/www.europesays.com\/se\/wp-json\/wp\/v2\/media?parent=124618"}],"wp:term":[{"taxonomy":"category","embeddable":true,"href":"https:\/\/www.europesays.com\/se\/wp-json\/wp\/v2\/categories?post=124618"},{"taxonomy":"post_tag","embeddable":true,"href":"https:\/\/www.europesays.com\/se\/wp-json\/wp\/v2\/tags?post=124618"}],"curies":[{"name":"wp","href":"https:\/\/api.w.org\/{rel}","templated":true}]}}