{"id":124626,"date":"2026-01-03T16:22:07","date_gmt":"2026-01-03T16:22:07","guid":{"rendered":"https:\/\/www.europesays.com\/se\/124626\/"},"modified":"2026-01-03T16:22:07","modified_gmt":"2026-01-03T16:22:07","slug":"konserter-att-se-fram-emot-2026","status":"publish","type":"post","link":"https:\/\/www.europesays.com\/se\/124626\/","title":{"rendered":"Konserter att se fram emot 2026"},"content":{"rendered":"<p>Publicerad 3 jan 2026 kl 16.02<\/p>\n<p>Allt tyder p\u00e5 \u00e4nnu ett finfint kommande \u00e5r f\u00f6r livemusik.\u00a0<\/p>\n<p>Foo Fighters, Luke Combs, Bad Bunny och The Weeknd \u00e4r bara n\u00e5gra internationella storheter som kommer till Sverige.\u00a0<\/p>\n<p><img   alt=\"\"\/>\u00d6ppna bild i helsk\u00e4rm<\/p>\n<p><strong>L\u00c4S MER:\u00a0<\/strong><\/p>\n<p>Bland bl\u00e5gula stj\u00e4rnor v\u00e4ntar konserter med <a href=\"https:\/\/www.expressen.se\/tagg\/person\/hakan-hellstrom\/\" class=\"\" rel=\"nofollow noopener\" target=\"_blank\">H\u00e5kan Hellstr\u00f6m<\/a>, Jireel, Roxette, Oskar Linnros och Veronica Maggio bara f\u00f6r att n\u00e4mna n\u00e5gra.<\/p>\n<p>H\u00e4r \u00e4r 26 heta konserter f\u00f6r 2026.Burna Boy (Avicii Arena)<img loading=\"lazy\"   alt=\"\"\/> <\/p>\n<p>Foto: IMAGO\/Yuri Murakami \/ TT NYHETSBYR\u00c5N<\/p>\n<p>\u00d6ppna bild i helsk\u00e4rm<\/p>\n<p>15 januari\u00a0<\/p>\n<p>F\u00f6rsta Sverige-giget f\u00f6r den nigerianske storstj\u00e4rnan sedan Way Out West 2022 l\u00e4r fokusera p\u00e5 plattan \u201dNo sign of weakness\u201d som sl\u00e4pptes i \u00e5r och som gett turn\u00e9n sitt namn.<\/p>\n<p>Raye (Avicii Arena)<img loading=\"lazy\"   alt=\"\"\/><\/p>\n<p>Raye.<\/p>\n<p>Foto: NEWS AGENCY GERMANY\/SHUTTERSTOCK \/ SHUTTERSTOCK EDITORIAL\/IBL<\/p>\n<p>\u00d6ppna bild i helsk\u00e4rm<\/p>\n<p>7 februari<\/p>\n<p>F\u00f6r tv\u00e5 \u00e5r sedan charmade Raye oss p\u00e5 Rosendal Garden Party. I vinter tar den brittiska s\u00e5ngerskan sin jazziga r\u2019n\u2019b inomhus.\u00a0<\/p>\n<p>Dave (Avicii Arena)<\/p>\n<p>17 februari<\/p>\n<p>Han \u00e4r en av sin generations mest tongivande brittiska hiphop-r\u00f6ster. R\u00e4kna med laddad st\u00e4mning och smarta bars n\u00e4r Dave tar \u00f6ver Avicii Arena.<\/p>\n<p>H\u00e5kan Hellstr\u00f6m (L\u00f6fbergs Arena, Karlstad)<img loading=\"lazy\"   alt=\"\"\/> <\/p>\n<p>Foto: HANNA BRUNL\u00d6F<\/p>\n<p>\u00d6ppna bild i helsk\u00e4rm<\/p>\n<p>Turn\u00e9premi\u00e4r 20 februari<\/p>\n<p>Kan H\u00e5kan ta med sig Ullevi-sommarens magiska form ut i landet? Det blir tio konserter i \u00e5tta st\u00e4der f\u00f6r landets st\u00f6rsta liveartist, med senaste plattan \u201dSvensk rost\u201d i bagaget.\u00a0<\/p>\n<p>Annons<\/p>\n<p>Molly Sand\u00e9n (Avicii Arena)<img loading=\"lazy\"   alt=\"\"\/> <\/p>\n<p>Foto: HANNA BRUNL\u00d6F<\/p>\n<p>\u00d6ppna bild i helsk\u00e4rm<\/p>\n<p>20 mars<\/p>\n<p>P\u00e5 ett av Mollys st\u00f6rsta gig hittills p\u00e5 egen hand r\u00e4knar vi kallt med l\u00e5tar fr\u00e5n senaste plattorna \u201dBl\u00e5\u00f6gd\u201d och \u201dStrawberry blonde\u201d. Dagen efter v\u00e4ntar Scandinavium.<\/p>\n<p>CMAT (F\u00e5llan, Stockholm)<\/p>\n<p>23 mars<\/p>\n<p>Med lika delar humor och popk\u00e4nsla g\u00f6r irl\u00e4ndskan succ\u00e9 vart hon \u00e4n spelar, senast under Way Out West. I mars blir det Stockholms tur att drabbas av CMAT.<\/p>\n<p>Tame Impala (Avicii Arena)<\/p>\n<p>26 april<\/p>\n<p>Kevin Parkers psykedeliska pop \u00e4r numer s\u00e5 popul\u00e4r att endast stora arenor r\u00e4cker till. I v\u00e5r landar Tame Impalas v\u00e4rldsturn\u00e9 i huvudstaden. \u00a0<\/p>\n<p>Jireel (Avicii Arena)<img loading=\"lazy\"   alt=\"\"\/> <\/p>\n<p>Foto: VERONICA KINDBLAD<\/p>\n<p>\u00d6ppna bild i helsk\u00e4rm<\/p>\n<p>16 maj<\/p>\n<p>Jireel firar tio \u00e5r som artist och g\u00f6r det med att ta in alla hiphophits i gamla globen och dessutom utlova att konserten inte kommer likna n\u00e5got han gjort innan.\u00a0<\/p>\n<p>Olivia Dean (Avicii Arena)<\/p>\n<p>17 maj<\/p>\n<p>Singeln \u201dMan I need\u201d bidrog till att den brittiska s\u00e5ngerskan fick 2025 \u00e5rs kanske st\u00f6rsta popgenombrott. \u00c5terst\u00e5r att se om Olivia Dean h\u00e5ller p\u00e5 arena-niv\u00e5. \u00a0<\/p>\n<p>Annons<\/p>\n<p>Sweden Rock Festival (Norje)<img loading=\"lazy\"   alt=\"\"\/> <\/p>\n<p>Foto: JENS CHRISTIAN<\/p>\n<p>\u00d6ppna bild i helsk\u00e4rm<\/p>\n<p>3-6 juni<\/p>\n<p>Festivalen i Blekinge \u00e4r ett s\u00e4kert tecken p\u00e5 att rocksommaren startar. I \u00e5r g\u00e4star bland andra Iron Maiden, Volbeat och Twisted Sister gr\u00e4ssl\u00e4nten i Norje.<\/p>\n<p>Foo Fighters (Strawberry Arena)<img loading=\"lazy\"   alt=\"\"\/> <\/p>\n<p>Foto: MAGNUS LILJEGREN \/ STELLA PICTURES<\/p>\n<p>\u00d6ppna bild i helsk\u00e4rm<\/p>\n<p>12 juni<\/p>\n<p>Med ny trummis och kanske med nytt material g\u00e4star en av v\u00e5r tids mest popul\u00e4ra liveakter inom rock v\u00e5ra breddgrader igen.<\/p>\n<p>Summer On Festival (B\u00e5stad)<\/p>\n<p>12-13 juni<\/p>\n<p>Sveriges snyggaste festival? Arrang\u00f6rerna i Sk\u00e5ne p\u00e5st\u00e5r i alla fall det. P\u00e5 scen st\u00e5r artister som Bolaget, Soppgirobygget och Molly Sand\u00e9n.<\/p>\n<p>System Of A Down (Strawberry Arena)<\/p>\n<p>29 juni<\/p>\n<p>De amerikanska j\u00e4ttarna med en helt egen variant p\u00e5 metal kommer till huvudstaden f\u00f6r den hittills st\u00f6rsta spelningen i Sverige i karri\u00e4ren.<\/p>\n<p>Luke Combs (Ullevi, G\u00f6teborg)<\/p>\n<p>4 juli<\/p>\n<p>\u00c5rets st\u00f6rsta country-h\u00e4ndelse i landet? I alla fall till storleken n\u00e4r storstj\u00e4rnan fr\u00e5n North Carolina tar \u00f6ver Ullevi.<\/p>\n<p>Annons<\/p>\n<p>Roxette (Slottsskogsvallen, G\u00f6teborg)<img loading=\"lazy\"   alt=\"\"\/> <\/p>\n<p>Foto: MATTIAS ERICSSON \/ STELLA PICTURES<\/p>\n<p>\u00d6ppna bild i helsk\u00e4rm<\/p>\n<p>9 juli<\/p>\n<p>Under \u00e5ret som gick rockade Roxette hemlandet under sex kv\u00e4llar. Det h\u00e4r blir enda spelningen i Sverige 2026 under v\u00e4rldsturn\u00e9n som forts\u00e4tter rulla f\u00f6r Gessle &amp; co.<\/p>\n<p>Bad Bunny (Strawberry Arena)<\/p>\n<p>10-11 juli<\/p>\n<p>Han \u00e4r en av v\u00e4rldens absolut mest streamade artister. I sommar kommer \u00e4ntligen fenomenet fr\u00e5n Puerto Rico till Stockholm, tv\u00e5 kv\u00e4llar med kungen av latin trap.\u00a0<\/p>\n<p>The Weeknd (Strawberry Arena)<\/p>\n<p>8-10 augusti<\/p>\n<p>Inte en, inte tv\u00e5 utan tre arenakv\u00e4llar! Smart skuren pop, en garanterat storslagen liveshow och f\u00f6rst\u00e5s en massa hits med superstj\u00e4rnan fr\u00e5n Toronto.<\/p>\n<p>Way Out West (G\u00f6teborg)<img loading=\"lazy\"   alt=\"\"\/> <\/p>\n<p>Foto: HANNA BRUNL\u00d6F \/ HANNA BRUNL\u00d6F\/EXPRESSEN<\/p>\n<p>\u00d6ppna bild i helsk\u00e4rm<\/p>\n<p>13-15 augusti<\/p>\n<p>Finsmakarfestivalen i v\u00e4st har redan ett riktigt starkt startf\u00e4lt klar. Eller vad s\u00e4gs om The Cure, Nick Cave &amp; The Bad Seeds, Zara Larsson, Clipse och Dijon?<\/p>\n<p>Veronica Maggio (Stadion, Stockholm)<img loading=\"lazy\"   alt=\"\"\/> <\/p>\n<p>Foto: MAGNUS LILJEGREN \/ STELLA PICTURES<\/p>\n<p>\u00d6ppna bild i helsk\u00e4rm<\/p>\n<p>22 Augusti<\/p>\n<p>F\u00f6r tio \u00e5r sedan fyllde hon Stadion. I sommar \u00e5terv\u00e4nder popstj\u00e4rnan som slagit flera publikrekord under 2025.\u00a0<\/p>\n<p>Swedish House Mafia (Ullevi, G\u00f6teborg)<img loading=\"lazy\"   alt=\"\"\/> <\/p>\n<p>Foto: ERIK SIMANDER\/TT \/ TT NYHETSBYR\u00c5N<\/p>\n<p>\u00d6ppna bild i helsk\u00e4rm<\/p>\n<p>28-29 augusti<\/p>\n<p>Trion \u00e4r tillbaka igen. EDM-gudarna spelar p\u00e5 europeiska festivaler i sommar, och passar p\u00e5 att inta Ullevi tv\u00e5 kv\u00e4llar i rad.<\/p>\n<p>Annons<\/p>\n<p>Victor Leksell (Azaleadalen, G\u00f6teborg)<img loading=\"lazy\"   alt=\"\"\/> <\/p>\n<p>Foto: Karin T\u00f6rnblom \/ IBL<\/p>\n<p>\u00d6ppna bild i helsk\u00e4rm<\/p>\n<p>5 september<\/p>\n<p>\u00c5rets enda utannonserade spelning i skrivande stund f\u00f6r popstj\u00e4rnan sker p\u00e5 hemmamark och s\u00e5lde slut fortare \u00e4n du hinner sjunga \u201dSvag\u201d, \u201dTystnar i luren och \u201dLys p\u00e5 mig\u201d.<\/p>\n<p>Oskar Linnros (Avicii Arena)<img loading=\"lazy\"   alt=\"\"\/> <\/p>\n<p>Foto: PHILIP KANGAS \/ SPA | SWEDISH PRESS AGENCY<\/p>\n<p>\u00d6ppna bild i helsk\u00e4rm<\/p>\n<p>26 september<\/p>\n<p>Popsmeden fr\u00e5n Sundbyberg satsar p\u00e5 st\u00f6rsta konserten hittills i karri\u00e4ren. I samma veva kommer f\u00f6rsta nya plattan p\u00e5 nio \u00e5r.<\/p>\n<p>Benjamin Ingrosso (L\u00f6fbergs Arena, Karlstad)<img loading=\"lazy\"   alt=\"\"\/> <\/p>\n<p>Foto: Pontus H\u00f6\u00f6k \/ TT NYHETSBYR\u00c5N<\/p>\n<p>\u00d6ppna bild i helsk\u00e4rm<\/p>\n<p>Turn\u00e9premi\u00e4r 23 oktober<\/p>\n<p>2025 blev en l\u00e5ng eriksgata f\u00f6r popstj\u00e4rnan. I h\u00f6st \u00e5ker Benjamin ut p\u00e5 sin f\u00f6rsta arenaturn\u00e9 som startar i Karlstad och avslutas 14 november i Avicii Arena.<\/p>\n<p>Europe (Filmstudion, G\u00f6teborg)<\/p>\n<p>23 oktober<\/p>\n<p>Hela 40 \u00e5r har g\u00e5tt sedan rockklassikern \u201dThe Final Countdown\u201d som tog h\u00e5rdrockarna fr\u00e5n Upplands V\u00e4sby ut i v\u00e4rlden. Firas i G\u00f6tet, och med ett gig i Stockholm kv\u00e4llen efter.<\/p>\n<p>Amon Amarth (Scandinavium, G\u00f6teborg)<\/p>\n<p>23 oktober<\/p>\n<p>Nordens mesta vikingarockare? Svaret m\u00e5ste bli metalplutonen fr\u00e5n Tumba. I h\u00f6st transporterar de vikingaskeppet till V\u00e4stkusten, dagen efter ror publiken i Hovet.<\/p>\n<p>Westlife (Avicii Arena)<img loading=\"lazy\"   alt=\"\"\/> <\/p>\n<p>Foto: OLLE SPORRONG<\/p>\n<p>\u00d6ppna bild i helsk\u00e4rm<\/p>\n<p>20 november<\/p>\n<p>Eufori och hits utlovas n\u00e4r det irl\u00e4ndska gamla pojkbandet firar ett kvarts sekel i popmusikens tj\u00e4nst med ett enda stopp i Sverige.<\/p>\n","protected":false},"excerpt":{"rendered":"Publicerad 3 jan 2026 kl 16.02 Allt tyder p\u00e5 \u00e4nnu ett finfint kommande \u00e5r f\u00f6r livemusik.\u00a0 Foo Fighters,&hellip;\n","protected":false},"author":2,"featured_media":124627,"comment_status":"","ping_status":"","sticky":false,"template":"","format":"standard","meta":{"footnotes":""},"categories":[67],"tags":[104,13065,1155,13064,13067,238,13068,4732,4084,13063,5051,8223,13066,4151,4311,34,775,31,33,32,30,105],"class_list":{"0":"post-124626","1":"post","2":"type-post","3":"status-publish","4":"format-standard","5":"has-post-thumbnail","7":"category-underhallning","8":"tag-entertainment","9":"tag-organization-foo-fighters","10":"tag-organization-roxette","11":"tag-organization-sweden-rock","12":"tag-organization-swedish-house-mafia","13":"tag-organization-way-out-west","14":"tag-organization-westlife","15":"tag-person-benjamin-ingrosso","16":"tag-person-hakan-hellstrom","17":"tag-person-jireel","18":"tag-person-molly-sanden","19":"tag-person-oskar-linnros","20":"tag-person-the-weeknd","21":"tag-person-veronica-maggio","22":"tag-person-victor-leksell","23":"tag-se","24":"tag-sections-musik","25":"tag-svenska","26":"tag-sverige","27":"tag-sweden","28":"tag-swedish","29":"tag-underhallning"},"share_on_mastodon":{"url":"https:\/\/pubeurope.com\/@se\/115832091049529630","error":""},"_links":{"self":[{"href":"https:\/\/www.europesays.com\/se\/wp-json\/wp\/v2\/posts\/124626","targetHints":{"allow":["GET"]}}],"collection":[{"href":"https:\/\/www.europesays.com\/se\/wp-json\/wp\/v2\/posts"}],"about":[{"href":"https:\/\/www.europesays.com\/se\/wp-json\/wp\/v2\/types\/post"}],"author":[{"embeddable":true,"href":"https:\/\/www.europesays.com\/se\/wp-json\/wp\/v2\/users\/2"}],"replies":[{"embeddable":true,"href":"https:\/\/www.europesays.com\/se\/wp-json\/wp\/v2\/comments?post=124626"}],"version-history":[{"count":0,"href":"https:\/\/www.europesays.com\/se\/wp-json\/wp\/v2\/posts\/124626\/revisions"}],"wp:featuredmedia":[{"embeddable":true,"href":"https:\/\/www.europesays.com\/se\/wp-json\/wp\/v2\/media\/124627"}],"wp:attachment":[{"href":"https:\/\/www.europesays.com\/se\/wp-json\/wp\/v2\/media?parent=124626"}],"wp:term":[{"taxonomy":"category","embeddable":true,"href":"https:\/\/www.europesays.com\/se\/wp-json\/wp\/v2\/categories?post=124626"},{"taxonomy":"post_tag","embeddable":true,"href":"https:\/\/www.europesays.com\/se\/wp-json\/wp\/v2\/tags?post=124626"}],"curies":[{"name":"wp","href":"https:\/\/api.w.org\/{rel}","templated":true}]}}