{"id":124638,"date":"2026-01-03T16:44:12","date_gmt":"2026-01-03T16:44:12","guid":{"rendered":"https:\/\/www.europesays.com\/se\/124638\/"},"modified":"2026-01-03T16:44:12","modified_gmt":"2026-01-03T16:44:12","slug":"professorn-om-usas-attack-mot-venezuela-solklart-brott-mot-folkratten","status":"publish","type":"post","link":"https:\/\/www.europesays.com\/se\/124638\/","title":{"rendered":"Professorn om USA:s attack mot Venezuela: \u201dSolklart brott mot folkr\u00e4tten\u201d"},"content":{"rendered":"<p>P\u00e5 l\u00f6rdagsmorgonen attackerade USA flera m\u00e5l i Venezuela. Ett flertal explosioner h\u00f6rdes i huvudstaden Caracas och enligt landets regering skedde explosioner \u00e4ven i delstaterna Miranda, La Guaira och Aragua.<\/p>\n<p>I USA:s angrepp tillf\u00e5ngatogs ocks\u00e5 Venezuelas president Nicol\u00e1s Maduro och hans fru Cilia Flores.<\/p>\n<p>Wrange: Kr\u00e4nkning av Venezuelas suver\u00e4nitet<\/p>\n<p>P\u00e5l Wrange uppger att bortf\u00f6randet av Maduro och hans fru utg\u00f6r en grov kr\u00e4nkning av Venezuelas suver\u00e4nitet.<\/p>\n<p>Han po\u00e4ngterar att Maduro har en hel del p\u00e5 sitt samvete, och pekar p\u00e5 att det skett systematiska kr\u00e4nkningar av m\u00e4nskliga r\u00e4ttigheter i Venezuela under ett antal \u00e5r.<\/p>\n<p>\u2013 Men det ger inte USA r\u00e4tten att \u00e5tala honom inf\u00f6r amerikanska domstolen.<\/p>\n<p>Maduro har som statschef \u00e4ven immunitet i nationella domstolar i andra l\u00e4nder \u2013 han \u00e4r allts\u00e5 immun i amerikanska domstolen, betonar Wrange.<\/p>\n<p>\u2013 Man skulle kanske kunna s\u00e4ga att han inte \u00e4r vald i ett fritt val. Det \u00e4r s\u00e4kert s\u00e5 amerikanerna kommer att resonera.<\/p>\n<p>Mark Klamberg: Narkotika ska bem\u00f6tas med lagf\u00f6ring<\/p>\n<p>Trumpadministrationen legitimerar sin attack med att Maduro \u00e4r inblandad i narkotikahandel utanf\u00f6r Venezuelas kust. N\u00e5got som Mark Klamberg, professor i folkr\u00e4tt vid Stockholms universitet, inte anser \u00e4r relevant i sammanhanget.<\/p>\n<p>\u2013 Narkotika ska behandlas med traditionell lagf\u00f6ring, s\u00e4ger han.<\/p>\n<p>\u00c4ven Klamberg po\u00e4ngterar att USA bryter mot folkr\u00e4tten och att angreppet f\u00f6rutom v\u00e5ldsf\u00f6rbudet ocks\u00e5 strider mot non-interventionsprincipen. Det handlar om att andra l\u00e4nder inte f\u00e5r p\u00e5verka ett lands politiska styre, s\u00e4ger han.<\/p>\n<p>\u2013 Anv\u00e4nder man milit\u00e4r makt \u00e4r det ocks\u00e5 en \u00f6vertr\u00e4delse av v\u00e5ldsf\u00f6rbudet. Det g\u00e4ller \u00e4ven auktorit\u00e4ra stater d\u00e4r vi kan ogilla styret, men folkr\u00e4tten begr\u00e4nsar andra staters agerande.<\/p>\n<p>Kan f\u00f6rd\u00f6mas i FN:s generalf\u00f6rsamling<\/p>\n<p>Ett sannolikt scenario \u00e4r att USA:s agerande f\u00f6rd\u00f6ms i FN:s generalf\u00f6rsamling, likt det som skedde 1989 d\u00e5 landet anf\u00f6ll Panama, s\u00e4ger Klamberg.<\/p>\n","protected":false},"excerpt":{"rendered":"P\u00e5 l\u00f6rdagsmorgonen attackerade USA flera m\u00e5l i Venezuela. Ett flertal explosioner h\u00f6rdes i huvudstaden Caracas och enligt landets&hellip;\n","protected":false},"author":2,"featured_media":124639,"comment_status":"","ping_status":"","sticky":false,"template":"","format":"standard","meta":{"footnotes":""},"categories":[14],"tags":[22,23,26,27,17,21,24,25,28,29,15,16,18,34,31,33,32,30,19,20,51,52,53,54],"class_list":{"0":"post-124638","1":"post","2":"type-post","3":"status-publish","4":"format-standard","5":"has-post-thumbnail","7":"category-varlden","8":"tag-breaking-news","9":"tag-breakingnews","10":"tag-featured-news","11":"tag-featurednews","12":"tag-headlines","13":"tag-huvudnyheter","14":"tag-latest-news","15":"tag-latestnews","16":"tag-main-news","17":"tag-mainnews","18":"tag-news","19":"tag-nyheter","20":"tag-rubriker","21":"tag-se","22":"tag-svenska","23":"tag-sverige","24":"tag-sweden","25":"tag-swedish","26":"tag-top-stories","27":"tag-topstories","28":"tag-varlden","29":"tag-world","30":"tag-world-news","31":"tag-worldnews"},"share_on_mastodon":{"url":"https:\/\/pubeurope.com\/@se\/115832177551900731","error":""},"_links":{"self":[{"href":"https:\/\/www.europesays.com\/se\/wp-json\/wp\/v2\/posts\/124638","targetHints":{"allow":["GET"]}}],"collection":[{"href":"https:\/\/www.europesays.com\/se\/wp-json\/wp\/v2\/posts"}],"about":[{"href":"https:\/\/www.europesays.com\/se\/wp-json\/wp\/v2\/types\/post"}],"author":[{"embeddable":true,"href":"https:\/\/www.europesays.com\/se\/wp-json\/wp\/v2\/users\/2"}],"replies":[{"embeddable":true,"href":"https:\/\/www.europesays.com\/se\/wp-json\/wp\/v2\/comments?post=124638"}],"version-history":[{"count":0,"href":"https:\/\/www.europesays.com\/se\/wp-json\/wp\/v2\/posts\/124638\/revisions"}],"wp:featuredmedia":[{"embeddable":true,"href":"https:\/\/www.europesays.com\/se\/wp-json\/wp\/v2\/media\/124639"}],"wp:attachment":[{"href":"https:\/\/www.europesays.com\/se\/wp-json\/wp\/v2\/media?parent=124638"}],"wp:term":[{"taxonomy":"category","embeddable":true,"href":"https:\/\/www.europesays.com\/se\/wp-json\/wp\/v2\/categories?post=124638"},{"taxonomy":"post_tag","embeddable":true,"href":"https:\/\/www.europesays.com\/se\/wp-json\/wp\/v2\/tags?post=124638"}],"curies":[{"name":"wp","href":"https:\/\/api.w.org\/{rel}","templated":true}]}}