{"id":124670,"date":"2026-01-03T17:18:22","date_gmt":"2026-01-03T17:18:22","guid":{"rendered":"https:\/\/www.europesays.com\/se\/124670\/"},"modified":"2026-01-03T17:18:22","modified_gmt":"2026-01-03T17:18:22","slug":"viktigt-meddelande-till-allmanheten-i-hogsby-monsteras-och-oskarshamns-kommun-kalmar-lan","status":"publish","type":"post","link":"https:\/\/www.europesays.com\/se\/124670\/","title":{"rendered":"Viktigt meddelande till allm\u00e4nheten i H\u00f6gsby, M\u00f6nster\u00e5s och Oskarshamns kommun, Kalmar l\u00e4n"},"content":{"rendered":"<p>&#13;<br \/>\n                                Uppdatering 3\/1 06.00.<br \/>\nDet viktiga meddelandet g\u00e4ller inte l\u00e4ngre.<br \/>\n&#13;\n                            <\/p>\n<p>Ursprungligt meddelande:<\/p>\n<p>Det \u00e4r l\u00e5nga k\u00f6er p\u00e5 E22 p\u00e5 grund av sn\u00f6ov\u00e4der. R\u00e4ddningstj\u00e4nsten jobbar med att l\u00f6sa k\u00f6bildningen. Prelimin\u00e4r prognos \u00e4r l\u00f6rdag f\u00f6rmiddag.<\/p>\n<p>Allm\u00e4nheten uppmanas att inte ge sig ut p\u00e5 v\u00e4garna. Vid behov av hj\u00e4lp p\u00e5kalla uppm\u00e4rksamhet fr\u00e5n r\u00e4ddningstj\u00e4nstens personal eller ring 112 vid akut behov.<\/p>\n<p><a href=\"https:\/\/www.sverigesradio.se\/nyheter\/p4-kalmar\" target=\"_blank\" rel=\"nofollow noopener\">F\u00f6r mer information lyssna p\u00e5 Sveriges Radio P4 Kalmar.<\/a><\/p>\n","protected":false},"excerpt":{"rendered":"&#13; Uppdatering 3\/1 06.00. Det viktiga meddelandet g\u00e4ller inte l\u00e4ngre. &#13; Ursprungligt meddelande: Det \u00e4r l\u00e5nga k\u00f6er p\u00e5&hellip;\n","protected":false},"author":2,"featured_media":5952,"comment_status":"","ping_status":"","sticky":false,"template":"","format":"standard","meta":{"footnotes":""},"categories":[5],"tags":[22,23,26,27,17,21,24,25,28,29,15,16,18,34,31,33,32,30,19,20],"class_list":{"0":"post-124670","1":"post","2":"type-post","3":"status-publish","4":"format-standard","5":"has-post-thumbnail","7":"category-rubriker","8":"tag-breaking-news","9":"tag-breakingnews","10":"tag-featured-news","11":"tag-featurednews","12":"tag-headlines","13":"tag-huvudnyheter","14":"tag-latest-news","15":"tag-latestnews","16":"tag-main-news","17":"tag-mainnews","18":"tag-news","19":"tag-nyheter","20":"tag-rubriker","21":"tag-se","22":"tag-svenska","23":"tag-sverige","24":"tag-sweden","25":"tag-swedish","26":"tag-top-stories","27":"tag-topstories"},"share_on_mastodon":{"url":"https:\/\/pubeurope.com\/@se\/115832311165406281","error":""},"_links":{"self":[{"href":"https:\/\/www.europesays.com\/se\/wp-json\/wp\/v2\/posts\/124670","targetHints":{"allow":["GET"]}}],"collection":[{"href":"https:\/\/www.europesays.com\/se\/wp-json\/wp\/v2\/posts"}],"about":[{"href":"https:\/\/www.europesays.com\/se\/wp-json\/wp\/v2\/types\/post"}],"author":[{"embeddable":true,"href":"https:\/\/www.europesays.com\/se\/wp-json\/wp\/v2\/users\/2"}],"replies":[{"embeddable":true,"href":"https:\/\/www.europesays.com\/se\/wp-json\/wp\/v2\/comments?post=124670"}],"version-history":[{"count":0,"href":"https:\/\/www.europesays.com\/se\/wp-json\/wp\/v2\/posts\/124670\/revisions"}],"wp:featuredmedia":[{"embeddable":true,"href":"https:\/\/www.europesays.com\/se\/wp-json\/wp\/v2\/media\/5952"}],"wp:attachment":[{"href":"https:\/\/www.europesays.com\/se\/wp-json\/wp\/v2\/media?parent=124670"}],"wp:term":[{"taxonomy":"category","embeddable":true,"href":"https:\/\/www.europesays.com\/se\/wp-json\/wp\/v2\/categories?post=124670"},{"taxonomy":"post_tag","embeddable":true,"href":"https:\/\/www.europesays.com\/se\/wp-json\/wp\/v2\/tags?post=124670"}],"curies":[{"name":"wp","href":"https:\/\/api.w.org\/{rel}","templated":true}]}}