{"id":124678,"date":"2026-01-03T17:26:07","date_gmt":"2026-01-03T17:26:07","guid":{"rendered":"https:\/\/www.europesays.com\/se\/124678\/"},"modified":"2026-01-03T17:26:07","modified_gmt":"2026-01-03T17:26:07","slug":"anton-grahn-tar-forsta-pallplatsen-i-varldscupen-i-val-di-fiemme","status":"publish","type":"post","link":"https:\/\/www.europesays.com\/se\/124678\/","title":{"rendered":"Anton Grahn tar f\u00f6rsta pallplatsen i v\u00e4rldscupen i Val di Fiemme"},"content":{"rendered":"<p class=\"normal\">Johanna Hagstr\u00f6m forts\u00e4tter visa fin form i klassisk sprint denna s\u00e4songen.<\/p>\n<p class=\"normal\">\u2013 J\u00e4ttekul och tuff bana. Jag f\u00f6rs\u00f6kte bara hitta avslappning i \u00e5kningen och det gick bra s\u00e5 det var kul, sa Johanna till Viaplay efter loppet.<\/p>\n<p class=\"normal\">I herrarnas \u00e5kte Anton Grahn b\u00e4ttre och b\u00e4ttre f\u00f6r varje lopp som gick. Efter en 26:e plats i prologen s\u00e5 slutade Grahn p\u00e5 en tredjeplats i finalen efter en fin sista backe och upplopp.<\/p>\n<p class=\"normal\">\u2013 Det \u00f6r bara gl\u00e4dje. Jag \u00e4r helt slut p\u00e5 toppen, men s\u00e5 r\u00e4cker det till en tredjeplats s\u00e5 det \u00e4r riktigt kul.<\/p>\n<p>Resultat<\/p>\n<p class=\"normal\"><strong>Damer<\/strong><\/p>\n<ol class=\" env-text-list normal\">\n<li>Jasmi Joensuu,FIN<\/li>\n<li>Nadine F\u00e4hndrich,SUI<\/li>\n<li>Johanna Hagstr\u00f6m, SWE<\/li>\n<\/ol>\n<p class=\"normal\">4.Maja Dahlqvist<br \/>8.Moa Lundgren<br \/>11.Moa Ilar<br \/>17.Frida Karlsson<br \/>21.M\u00e4rta Rosenberg<br \/>23.Ebba Andersson<br \/>33.Evelina Cr\u00fcsell<br \/>34.Lisa Eriksson<\/p>\n<p class=\"normal\"><strong>Herrar<\/strong><\/p>\n<ol class=\" env-text-list normal\">\n<li>Johannes H\u00f6sflot Kl\u00e4bo, NOR<\/li>\n<li>Jules Chappaz, FRA<\/li>\n<li>Anton Grahn, SWE<\/li>\n<\/ol>\n<p class=\"normal\">14.Edvin Anger<br \/>21.Alvar Myhlback<br \/>24.Johan Ekberg<br \/>32.Truls Gisselman<br \/>39.Gustaf Berglund<br \/>48.William Poromaa<br \/>64.Eric Rosj\u00f6<br \/>78.Jonas Eriksson<\/p>\n<p class=\"normal\"><a href=\"https:\/\/www.fis-ski.com\/DB\/general\/event-details.html?sectorcode=CC&amp;eventid=58074&amp;seasoncode=2026\" rel=\"external nofollow noopener\" target=\"_blank\">Se hela resultatlistan h\u00e4r. L\u00e4nk till annan webbplats, \u00f6ppnas i nytt f\u00f6nster.<\/a><\/p>\n","protected":false},"excerpt":{"rendered":"Johanna Hagstr\u00f6m forts\u00e4tter visa fin form i klassisk sprint denna s\u00e4songen. \u2013 J\u00e4ttekul och tuff bana. Jag f\u00f6rs\u00f6kte&hellip;\n","protected":false},"author":2,"featured_media":124679,"comment_status":"","ping_status":"","sticky":false,"template":"","format":"standard","meta":{"footnotes":""},"categories":[5],"tags":[22,23,26,27,17,21,24,25,28,29,15,16,18,34,31,33,32,30,19,20],"class_list":{"0":"post-124678","1":"post","2":"type-post","3":"status-publish","4":"format-standard","5":"has-post-thumbnail","7":"category-rubriker","8":"tag-breaking-news","9":"tag-breakingnews","10":"tag-featured-news","11":"tag-featurednews","12":"tag-headlines","13":"tag-huvudnyheter","14":"tag-latest-news","15":"tag-latestnews","16":"tag-main-news","17":"tag-mainnews","18":"tag-news","19":"tag-nyheter","20":"tag-rubriker","21":"tag-se","22":"tag-svenska","23":"tag-sverige","24":"tag-sweden","25":"tag-swedish","26":"tag-top-stories","27":"tag-topstories"},"share_on_mastodon":{"url":"https:\/\/pubeurope.com\/@se\/115832342643559298","error":""},"_links":{"self":[{"href":"https:\/\/www.europesays.com\/se\/wp-json\/wp\/v2\/posts\/124678","targetHints":{"allow":["GET"]}}],"collection":[{"href":"https:\/\/www.europesays.com\/se\/wp-json\/wp\/v2\/posts"}],"about":[{"href":"https:\/\/www.europesays.com\/se\/wp-json\/wp\/v2\/types\/post"}],"author":[{"embeddable":true,"href":"https:\/\/www.europesays.com\/se\/wp-json\/wp\/v2\/users\/2"}],"replies":[{"embeddable":true,"href":"https:\/\/www.europesays.com\/se\/wp-json\/wp\/v2\/comments?post=124678"}],"version-history":[{"count":0,"href":"https:\/\/www.europesays.com\/se\/wp-json\/wp\/v2\/posts\/124678\/revisions"}],"wp:featuredmedia":[{"embeddable":true,"href":"https:\/\/www.europesays.com\/se\/wp-json\/wp\/v2\/media\/124679"}],"wp:attachment":[{"href":"https:\/\/www.europesays.com\/se\/wp-json\/wp\/v2\/media?parent=124678"}],"wp:term":[{"taxonomy":"category","embeddable":true,"href":"https:\/\/www.europesays.com\/se\/wp-json\/wp\/v2\/categories?post=124678"},{"taxonomy":"post_tag","embeddable":true,"href":"https:\/\/www.europesays.com\/se\/wp-json\/wp\/v2\/tags?post=124678"}],"curies":[{"name":"wp","href":"https:\/\/api.w.org\/{rel}","templated":true}]}}