{"id":124704,"date":"2026-01-03T18:01:23","date_gmt":"2026-01-03T18:01:23","guid":{"rendered":"https:\/\/www.europesays.com\/se\/124704\/"},"modified":"2026-01-03T18:01:23","modified_gmt":"2026-01-03T18:01:23","slug":"aret-i-huddinge-i-bilder-nedslag-fran-2025","status":"publish","type":"post","link":"https:\/\/www.europesays.com\/se\/124704\/","title":{"rendered":"\u00c5ret i Huddinge i bilder \u2013 nedslag fr\u00e5n 2025"},"content":{"rendered":"<p><img decoding=\"async\" class=\"Image Image_\" src=\"\" data-aghref=\"http:\/\/www.mitti.se\/image-3.339546.270777.20260103060354.0d280cab1a\" data-agimagetype=\"hardcrop\" alt=\"Det nyk\u00f6pta huset i Stuvsta brann ner innan familjen Sinwal Bhadu ens hann flytta in. Och de f\u00e5r inte bygglov f\u00f6r att bygga upp det igen. Det visade sig att tomten \u00e4r prickad p\u00e5 detaljplanen \u2013 vilket inneb\u00e4r att den inte f\u00e5r bebyggas. \u201dVi blev chockade\u201d, sa pappa Rajesh Bhadu. \"\/><\/p>\n<p class=\"Caption\">Det nyk\u00f6pta huset i Stuvsta brann ner innan familjen Sinwal Bhadu ens hann flytta in. Och de f\u00e5r inte bygglov f\u00f6r att bygga upp det igen. Det visade sig att tomten \u00e4r prickad p\u00e5 detaljplanen \u2013 vilket inneb\u00e4r att den inte f\u00e5r bebyggas. \u201dVi blev chockade\u201d, sa pappa Rajesh Bhadu. <\/p>\n<p class=\"Source\">Angie Gray<\/p>\n<p><img decoding=\"async\" class=\"Image Image_\" src=\"\" data-aghref=\"http:\/\/www.mitti.se\/image-3.351306.270777.20260103060354.1.a536b17d7a\" data-agimagetype=\"hardcrop\" alt=\"I december togs den 500 \u00e5r gamla Hagstaeken intill Gl\u00f6mstav\u00e4gen ner. Den var i s\u00e5 d\u00e5ligt skick att den riskerade falla. Nu ligger den f\u00e4llda eken i Sundby g\u00e5rd. \"\/><\/p>\n<p class=\"Caption\">I december togs den 500 \u00e5r gamla Hagstaeken intill Gl\u00f6mstav\u00e4gen ner. Den var i s\u00e5 d\u00e5ligt skick att den riskerade falla. Nu ligger den f\u00e4llda eken i Sundby g\u00e5rd. <\/p>\n<p class=\"Source\">Eva Perbrand Magnusson<\/p>\n<p><img decoding=\"async\" class=\"Image Image_\" src=\"\" data-aghref=\"http:\/\/www.mitti.se\/image-3.329155.270777.20260103060354.396ed40a65\" data-agimagetype=\"hardcrop\" alt=\"Tvillingarna Linus och Emil Schyberg \u00e4r b\u00e5da poliser \u2013 p\u00e5 varsin sida kommungr\u00e4nsen. Linus bor i Gl\u00f6msta och jobbar i Huddinge, medan Emil bor i Gr\u00f6dinge och jobbar i Botkyrka. N\u00e4r Mitt i tr\u00e4ffade dem i v\u00e5ras ber\u00e4ttade de om hur kriminella sagt att \u201ddu \u00e4r mycket trevligare \u00e4n din brorsa.\u201d\"\/><\/p>\n<p class=\"Caption\">Tvillingarna Linus och Emil Schyberg \u00e4r b\u00e5da poliser \u2013 p\u00e5 varsin sida kommungr\u00e4nsen. Linus bor i Gl\u00f6msta och jobbar i Huddinge, medan Emil bor i Gr\u00f6dinge och jobbar i Botkyrka. N\u00e4r Mitt i tr\u00e4ffade dem i v\u00e5ras ber\u00e4ttade de om hur kriminella sagt att \u201ddu \u00e4r mycket trevligare \u00e4n din brorsa.\u201d<\/p>\n<p class=\"Source\">Stefan K\u00e4llstigen<\/p>\n<p><img decoding=\"async\" class=\"Image Image_\" src=\"\" data-aghref=\"http:\/\/www.mitti.se\/image-3.341395.270777.20260103060354.61719c3b1f\" data-agimagetype=\"hardcrop\" alt=\"Under beredskapsveckan var det \u00f6ppet hus i ett av Huges skyddsrum i Flemingsberg. J\u00f6rgen Fr\u00e4d\u00e9n, skydds-rumssakkunnig, visade hur man m\u00e5ste veva f\u00f6r att f\u00e5 luft. \"\/><\/p>\n<p class=\"Caption\">Under beredskapsveckan var det \u00f6ppet hus i ett av Huges skyddsrum i Flemingsberg. J\u00f6rgen Fr\u00e4d\u00e9n, skydds-rumssakkunnig, visade hur man m\u00e5ste veva f\u00f6r att f\u00e5 luft. <\/p>\n<p class=\"Source\">Angie Gray<\/p>\n<p><img decoding=\"async\" class=\"Image Image_\" src=\"\" data-aghref=\"http:\/\/www.mitti.se\/image-3.336139.270777.20260103060354.7575b2eef9\" data-agimagetype=\"hardcrop\" alt=\"I Orl\u00e5ngens naturreservat \u00e4r det inte bara tv\u00e5benta som g\u00e5r p\u00e5 yoga, utan \u00e4ven getter. I vanliga fall h\u00e5ller de Huddinges naturmarker \u00f6ppna, men extrakn\u00e4cker allts\u00e5 \u00e4ven som assistenter i yoga.\"\/><\/p>\n<p class=\"Caption\">I Orl\u00e5ngens naturreservat \u00e4r det inte bara tv\u00e5benta som g\u00e5r p\u00e5 yoga, utan \u00e4ven getter. I vanliga fall h\u00e5ller de Huddinges naturmarker \u00f6ppna, men extrakn\u00e4cker allts\u00e5 \u00e4ven som assistenter i yoga.<\/p>\n<p class=\"Source\">Angie Gray<\/p>\n<p class=\"byline\">Sammanst\u00e4llning: Louise Bornhall<\/p>\n","protected":false},"excerpt":{"rendered":"Det nyk\u00f6pta huset i Stuvsta brann ner innan familjen Sinwal Bhadu ens hann flytta in. Och de f\u00e5r&hellip;\n","protected":false},"author":2,"featured_media":124705,"comment_status":"","ping_status":"","sticky":false,"template":"","format":"standard","meta":{"footnotes":""},"categories":[12],"tags":[22,23,26,27,17,21,24,25,28,29,15,16,18,34,31,33,32,30,19,20],"class_list":{"0":"post-124704","1":"post","2":"type-post","3":"status-publish","4":"format-standard","5":"has-post-thumbnail","7":"category-sverige","8":"tag-breaking-news","9":"tag-breakingnews","10":"tag-featured-news","11":"tag-featurednews","12":"tag-headlines","13":"tag-huvudnyheter","14":"tag-latest-news","15":"tag-latestnews","16":"tag-main-news","17":"tag-mainnews","18":"tag-news","19":"tag-nyheter","20":"tag-rubriker","21":"tag-se","22":"tag-svenska","23":"tag-sverige","24":"tag-sweden","25":"tag-swedish","26":"tag-top-stories","27":"tag-topstories"},"share_on_mastodon":{"url":"https:\/\/pubeurope.com\/@se\/115832480401364320","error":""},"_links":{"self":[{"href":"https:\/\/www.europesays.com\/se\/wp-json\/wp\/v2\/posts\/124704","targetHints":{"allow":["GET"]}}],"collection":[{"href":"https:\/\/www.europesays.com\/se\/wp-json\/wp\/v2\/posts"}],"about":[{"href":"https:\/\/www.europesays.com\/se\/wp-json\/wp\/v2\/types\/post"}],"author":[{"embeddable":true,"href":"https:\/\/www.europesays.com\/se\/wp-json\/wp\/v2\/users\/2"}],"replies":[{"embeddable":true,"href":"https:\/\/www.europesays.com\/se\/wp-json\/wp\/v2\/comments?post=124704"}],"version-history":[{"count":0,"href":"https:\/\/www.europesays.com\/se\/wp-json\/wp\/v2\/posts\/124704\/revisions"}],"wp:featuredmedia":[{"embeddable":true,"href":"https:\/\/www.europesays.com\/se\/wp-json\/wp\/v2\/media\/124705"}],"wp:attachment":[{"href":"https:\/\/www.europesays.com\/se\/wp-json\/wp\/v2\/media?parent=124704"}],"wp:term":[{"taxonomy":"category","embeddable":true,"href":"https:\/\/www.europesays.com\/se\/wp-json\/wp\/v2\/categories?post=124704"},{"taxonomy":"post_tag","embeddable":true,"href":"https:\/\/www.europesays.com\/se\/wp-json\/wp\/v2\/tags?post=124704"}],"curies":[{"name":"wp","href":"https:\/\/api.w.org\/{rel}","templated":true}]}}