{"id":124712,"date":"2026-01-03T18:09:07","date_gmt":"2026-01-03T18:09:07","guid":{"rendered":"https:\/\/www.europesays.com\/se\/124712\/"},"modified":"2026-01-03T18:09:07","modified_gmt":"2026-01-03T18:09:07","slug":"tag-installda-tills-pa-mandag-blivit-tvingade-vasterbottens-kuriren","status":"publish","type":"post","link":"https:\/\/www.europesays.com\/se\/124712\/","title":{"rendered":"T\u00e5g inst\u00e4llda tills p\u00e5 m\u00e5ndag: \u201dBlivit tvingade\u201d &#8211; V\u00e4sterbottens-Kuriren"},"content":{"rendered":"<ol>\n<li><a href=\"https:\/\/news.google.com\/rss\/articles\/CBMiowFBVV95cUxQUVA0bGJoUmgtSVp3YmpuSlNGUXpVT2F1YnRIblE5Y1hzU3A2TThNNUZqcWo4Qm02a1JzbzVXNDBLUEFzVUliZWRneHIwN1FZYTFoWnJCeFN3MjMyN2g5SDRCSGkyQm9xVDBsUVZ0WnFfSENlX1VkdkRKbWpLeWh1MnhBSDlSWWN0anNCYlo2ZElsYktvYnkwNGxscTRZQVBreUV3?oc=5\" target=\"_blank\" rel=\"nofollow noopener\">T\u00e5g inst\u00e4llda tills p\u00e5 m\u00e5ndag: \u201dBlivit tvingade\u201d<\/a>&nbsp;&nbsp;V\u00e4sterbottens-Kuriren<\/li>\n<li><a href=\"https:\/\/news.google.com\/rss\/articles\/CBMikAFBVV95cUxQQzduYUZ0YkdQbTZkR3VtLUdHQkhQcEthMnBRTE1tMUdRUVdhaUo1cUdNRGlnOE9nVnJXdjlnNUw0eDhXbTN6ZFE5eHhTSVhaSFJ6ZDFLUGZyaS1WYTZaNU1zQmtidnlLb19ySVd1RUdQdVhxVHRSN2Q3UlIyd0RhZHV1ZW91Um5xWnh4MkFhMUw?oc=5\" target=\"_blank\" rel=\"nofollow noopener\">Stockholmspolisen: Handla sushi inte en n\u00f6dv\u00e4ndig resa \u2013 Ov\u00e4dret Anna<\/a>&nbsp;&nbsp;SVT Nyheter<\/li>\n<li><a href=\"https:\/\/news.google.com\/rss\/articles\/CBMiigFBVV95cUxNbDVMZUhOcWxzbW9VWHIxaDF2SHNaTnF5UzRFQ0NNRHhPUGoxb3RBajVMVE9NUGRNRzIzcUJGYmVtYzFMY3lHcGhEakpHNkdmbFBIcl9QTVJfOUJFa29ucy1VVXlxLUtvX2wybzhNR0dIMl9mcnVrVlZRR2FyUVp6M1ROTDd1YVVaeFE?oc=5\" target=\"_blank\" rel=\"nofollow noopener\">T\u00e5gtrafik mellan G\u00e4vle och Falun stoppas helt<\/a>&nbsp;&nbsp;Sveriges Radio<\/li>\n<li><a href=\"https:\/\/news.google.com\/rss\/articles\/CBMiggFBVV95cUxNNW9aSFNQSVQ0SVlTMmpRWTRLM0pfdG9xNFlRd20wVWRGM1BSZHY2N2JrU3RaV3hSZzZBQU5vOXFUQWVBbVo5T3c3aVJ6a1VBUFhnTHo0NXdIYXBVclFBaXZWMFljZHhwVnZKSV9sUkx4SUtuVDYwOURKdkZka013aXBR?oc=5\" target=\"_blank\" rel=\"nofollow noopener\">Kyla stoppar t\u00e5gtrafiken mellan Lule\u00e5 och Narvik<\/a>&nbsp;&nbsp;SvD<\/li>\n<li><a href=\"https:\/\/news.google.com\/rss\/articles\/CBMiigFBVV95cUxQQjZmYTJZbG0yckhjNzlTLVdnaVUxTVE3anpwVk5qbXpnSmo4aW1zN0lGb1Z5dVkxWFJlMUc0amFPTWcwR3RpMWZ0dElNbFlLSDhlWE5yNFVFbV9STVFjT2poa2t4eVZXREFLd1VRQXZrSDRqN1JxT3JUVE1MZnduMkkzWHU1dEZoelE?oc=5\" target=\"_blank\" rel=\"nofollow noopener\">Alla t\u00e5g via G\u00e4vle inst\u00e4llda<\/a>&nbsp;&nbsp;Aftonbladet<\/li>\n<\/ol>\n","protected":false},"excerpt":{"rendered":"T\u00e5g inst\u00e4llda tills p\u00e5 m\u00e5ndag: \u201dBlivit tvingade\u201d&nbsp;&nbsp;V\u00e4sterbottens-Kuriren Stockholmspolisen: Handla sushi inte en n\u00f6dv\u00e4ndig resa \u2013 Ov\u00e4dret Anna&nbsp;&nbsp;SVT Nyheter&hellip;\n","protected":false},"author":2,"featured_media":124677,"comment_status":"","ping_status":"","sticky":false,"template":"","format":"standard","meta":{"footnotes":""},"categories":[12],"tags":[22,23,26,27,17,21,24,25,28,29,15,16,18,34,31,33,32,30,19,20],"class_list":{"0":"post-124712","1":"post","2":"type-post","3":"status-publish","4":"format-standard","5":"has-post-thumbnail","7":"category-sverige","8":"tag-breaking-news","9":"tag-breakingnews","10":"tag-featured-news","11":"tag-featurednews","12":"tag-headlines","13":"tag-huvudnyheter","14":"tag-latest-news","15":"tag-latestnews","16":"tag-main-news","17":"tag-mainnews","18":"tag-news","19":"tag-nyheter","20":"tag-rubriker","21":"tag-se","22":"tag-svenska","23":"tag-sverige","24":"tag-sweden","25":"tag-swedish","26":"tag-top-stories","27":"tag-topstories"},"share_on_mastodon":{"url":"https:\/\/pubeurope.com\/@se\/115832511768494488","error":""},"_links":{"self":[{"href":"https:\/\/www.europesays.com\/se\/wp-json\/wp\/v2\/posts\/124712","targetHints":{"allow":["GET"]}}],"collection":[{"href":"https:\/\/www.europesays.com\/se\/wp-json\/wp\/v2\/posts"}],"about":[{"href":"https:\/\/www.europesays.com\/se\/wp-json\/wp\/v2\/types\/post"}],"author":[{"embeddable":true,"href":"https:\/\/www.europesays.com\/se\/wp-json\/wp\/v2\/users\/2"}],"replies":[{"embeddable":true,"href":"https:\/\/www.europesays.com\/se\/wp-json\/wp\/v2\/comments?post=124712"}],"version-history":[{"count":0,"href":"https:\/\/www.europesays.com\/se\/wp-json\/wp\/v2\/posts\/124712\/revisions"}],"wp:featuredmedia":[{"embeddable":true,"href":"https:\/\/www.europesays.com\/se\/wp-json\/wp\/v2\/media\/124677"}],"wp:attachment":[{"href":"https:\/\/www.europesays.com\/se\/wp-json\/wp\/v2\/media?parent=124712"}],"wp:term":[{"taxonomy":"category","embeddable":true,"href":"https:\/\/www.europesays.com\/se\/wp-json\/wp\/v2\/categories?post=124712"},{"taxonomy":"post_tag","embeddable":true,"href":"https:\/\/www.europesays.com\/se\/wp-json\/wp\/v2\/tags?post=124712"}],"curies":[{"name":"wp","href":"https:\/\/api.w.org\/{rel}","templated":true}]}}