{"id":124713,"date":"2026-01-03T18:10:08","date_gmt":"2026-01-03T18:10:08","guid":{"rendered":"https:\/\/www.europesays.com\/se\/124713\/"},"modified":"2026-01-03T18:10:08","modified_gmt":"2026-01-03T18:10:08","slug":"hv71-tappade-i-tredje-perioden-och-forlorade-mot-leksand","status":"publish","type":"post","link":"https:\/\/www.europesays.com\/se\/124713\/","title":{"rendered":"HV71 tappade i tredje perioden och f\u00f6rlorade mot Leksand"},"content":{"rendered":"<p class=\"paragraph text-left\"> HV71 fick en tuff start p\u00e5 matchen mot Leksand efter m\u00e5l emot sig redan i den andra minuten. Leksandsspelaren fick ett fril\u00e4ge och satt pucken bakom Lassi Lehtinen i HV71:s m\u00e5l. <\/p>\n<p class=\"paragraph text-left\"> I slutet av perioden ick HV71 en m\u00f6jlighet att spela powerplay. Malte Gustafsson tog upp pucken elegant i anfallszonen och via Riley Woods spelade fram Hugo Fransson som satt kvitteringspucken bakom Gidl\u00f6f i Leksands m\u00e5l. <\/p>\n<p class=\"paragraph text-left\"> \u2013\tVi fick ingen bra start med m\u00e5l emot oss direkt, men sedan tycker jag vi v\u00e4xer in i perioden och v\u00e5gar ta hand om pucken, sa Mattias Tedenby i TV4 efter f\u00f6rsta perioden. <\/p>\n<p class=\"paragraph text-left\"> I den andra perioden satt hemmalaget lite mer press p\u00e5 HV71 som bitvis hade lite sv\u00e5rt att komma ur egen zon. Leksand hade ocks\u00e5 l\u00e4ge i powerplay, men HV71 spelade bra i boxplay och inga m\u00e5l d\u00e4r. Det kom i st\u00e4llet strax efter n\u00e4r hemmalaget lyckades kvittera.  <\/p>\n<p class=\"paragraph text-left\"> Efter det rev Hugo Fransson ned en frispelad Leksandsspelare och domaren d\u00f6mde straffslag, men Lassi Lehtinen st\u00e4ngde igen HV-kassen den g\u00e5ngen och det var oavgjort efter tv\u00e5 perioder. <\/p>\n<p class=\"paragraph text-left\"> I den tredje perioden gick det fort. Tyv\u00e4rr i negativ bem\u00e4rkelse. Matchen gick fr\u00e5n 2-2 till underl\u00e4ge 2-5 f\u00f6r HV71 n\u00e4r Leksand gjorde tre m\u00e5l p\u00e5 mindre \u00e4n tre minuter. Jonathan Ang och Andreas Borgman reducerade visserligen men matchen gick till Leksand. <\/p>\n<p class=\"paragraph text-left\"> \u2013\tVi kommer inte upp i niv\u00e5 tyv\u00e4rr och jag \u00e4r besviken \u00f6ver insatsen. V\u00e5rt f\u00f6rsvarsspel \u00e4r inte bra idag, sa Anton Blomqvist i TV4 efter matchen. <\/p>\n<p class=\"paragraph text-left\"> <strong>Period 1:<\/strong><br \/>1-0 LIF Luc Koblar (Cehlarik)<br \/>1-1 HV71 Hugo Fransson (Woods, Gustafsson) PP1<br \/>1-2 HV71 Mattias Tedenby (Fransson, Woods) <\/p>\n<p class=\"paragraph text-left\"> <strong>Period 2:<\/strong><br \/>2-2 HV71 Marcus Karlberg (\u00d6stman, Nilsson) <\/p>\n<p class=\"paragraph text-left\"> <strong>Period 3:<\/strong><br \/>3-2 LIF Olle Strandell (Caito, Lang)<br \/>4-2 LIF Lukas Vejdemo<br \/>5-2 LIF Anton Johansson (Kaderli, Koblar)<br \/>5-3 HV71 Jonathan Ang (Kloos, Borgman)<br \/>5-4 HV71 Andreas Borgman (Rindell, Pettersson) <\/p>\n<p class=\"paragraph text-left\"> <strong>Utvisningar: <\/strong>1&#215;2 &#8211; 2&#215;2 <\/p>\n<p class=\"paragraph text-left\"> <strong>Skott:<\/strong> 20-23 <\/p>\n","protected":false},"excerpt":{"rendered":"HV71 fick en tuff start p\u00e5 matchen mot Leksand efter m\u00e5l emot sig redan i den andra minuten.&hellip;\n","protected":false},"author":2,"featured_media":124714,"comment_status":"","ping_status":"","sticky":false,"template":"","format":"standard","meta":{"footnotes":""},"categories":[5],"tags":[22,23,26,27,17,21,24,25,28,29,15,16,18,34,31,33,32,30,19,20],"class_list":{"0":"post-124713","1":"post","2":"type-post","3":"status-publish","4":"format-standard","5":"has-post-thumbnail","7":"category-rubriker","8":"tag-breaking-news","9":"tag-breakingnews","10":"tag-featured-news","11":"tag-featurednews","12":"tag-headlines","13":"tag-huvudnyheter","14":"tag-latest-news","15":"tag-latestnews","16":"tag-main-news","17":"tag-mainnews","18":"tag-news","19":"tag-nyheter","20":"tag-rubriker","21":"tag-se","22":"tag-svenska","23":"tag-sverige","24":"tag-sweden","25":"tag-swedish","26":"tag-top-stories","27":"tag-topstories"},"share_on_mastodon":{"url":"https:\/\/pubeurope.com\/@se\/115832515612340956","error":""},"_links":{"self":[{"href":"https:\/\/www.europesays.com\/se\/wp-json\/wp\/v2\/posts\/124713","targetHints":{"allow":["GET"]}}],"collection":[{"href":"https:\/\/www.europesays.com\/se\/wp-json\/wp\/v2\/posts"}],"about":[{"href":"https:\/\/www.europesays.com\/se\/wp-json\/wp\/v2\/types\/post"}],"author":[{"embeddable":true,"href":"https:\/\/www.europesays.com\/se\/wp-json\/wp\/v2\/users\/2"}],"replies":[{"embeddable":true,"href":"https:\/\/www.europesays.com\/se\/wp-json\/wp\/v2\/comments?post=124713"}],"version-history":[{"count":0,"href":"https:\/\/www.europesays.com\/se\/wp-json\/wp\/v2\/posts\/124713\/revisions"}],"wp:featuredmedia":[{"embeddable":true,"href":"https:\/\/www.europesays.com\/se\/wp-json\/wp\/v2\/media\/124714"}],"wp:attachment":[{"href":"https:\/\/www.europesays.com\/se\/wp-json\/wp\/v2\/media?parent=124713"}],"wp:term":[{"taxonomy":"category","embeddable":true,"href":"https:\/\/www.europesays.com\/se\/wp-json\/wp\/v2\/categories?post=124713"},{"taxonomy":"post_tag","embeddable":true,"href":"https:\/\/www.europesays.com\/se\/wp-json\/wp\/v2\/tags?post=124713"}],"curies":[{"name":"wp","href":"https:\/\/api.w.org\/{rel}","templated":true}]}}