{"id":124719,"date":"2026-01-03T18:17:07","date_gmt":"2026-01-03T18:17:07","guid":{"rendered":"https:\/\/www.europesays.com\/se\/124719\/"},"modified":"2026-01-03T18:17:07","modified_gmt":"2026-01-03T18:17:07","slug":"domstol-stoppar-kristen-forskola-diskriminering","status":"publish","type":"post","link":"https:\/\/www.europesays.com\/se\/124719\/","title":{"rendered":"Domstol stoppar kristen f\u00f6rskola: \u201dDiskriminering\u201d"},"content":{"rendered":"<p>Stiftelsen f\u00f6r kristen skolverksamhet f\u00e5r inte ta \u00f6ver en f\u00f6rskola i Angered i G\u00f6teborg. Det sl\u00e5r f\u00f6rvaltningsr\u00e4tten fast efter att ha g\u00e5tt p\u00e5 samma linje som politikerna som stoppade den i v\u00e5ras, rapporterar GP.<\/p>\n<p>Stiftelsens stadgar s\u00e4ger att verksamheten bland annat ska genomsyras av en \u201devangelisk kristen grund, fr\u00e4mja och verka f\u00f6r uppr\u00e4ttande av Guds rike\u201d.<\/p>\n<p>F\u00f6rvaltningsr\u00e4tten g\u00f6r bed\u00f6mningen att undervisningen inte \u00e4r tillr\u00e4ckligt allsidig och saklig och att verksamheten inte lever upp till kraven om \u201dvetenskaplig grund och bepr\u00f6vad erfarenhet\u201d.<\/p>\n<p>\u2013 Vi tycker att det \u00e4r diskriminering. Det inneb\u00e4r i princip att de inte litar p\u00e5 att vi som kristna \u00e4r kapabla till att f\u00f6lja lagar och regler, s\u00e4ger Martin Burefors, skolchef p\u00e5 Brandstr\u00f6mska skolan, som ocks\u00e5 drivs av Stiftelsen f\u00f6r kristen skolverksamhet.<\/p>\n<p>Omni \u00e4r politiskt obundna och oberoende. Vi str\u00e4var efter att ge fler perspektiv p\u00e5 nyheterna. Har du fr\u00e5gor eller synpunkter kring v\u00e5r rapportering? <a href=\"https:\/\/omni.se\/domstol-stoppar-kristen-forskola-diskriminering\/a\/mailto:redaktion@omni.se\" class=\"ArticleActions_contactLink__W2F1M\" rel=\"nofollow noopener\" target=\"_blank\">Kontakta redaktionen<\/a><\/p>\n","protected":false},"excerpt":{"rendered":"Stiftelsen f\u00f6r kristen skolverksamhet f\u00e5r inte ta \u00f6ver en f\u00f6rskola i Angered i G\u00f6teborg. Det sl\u00e5r f\u00f6rvaltningsr\u00e4tten fast&hellip;\n","protected":false},"author":2,"featured_media":124720,"comment_status":"","ping_status":"","sticky":false,"template":"","format":"standard","meta":{"footnotes":""},"categories":[12],"tags":[22,23,26,27,13074,1083,17,21,120,24,25,28,29,15,16,2335,18,34,982,31,33,32,30,19,20,1084],"class_list":{"0":"post-124719","1":"post","2":"type-post","3":"status-publish","4":"format-standard","5":"has-post-thumbnail","7":"category-sverige","8":"tag-breaking-news","9":"tag-breakingnews","10":"tag-featured-news","11":"tag-featurednews","12":"tag-forvaltningsratten","13":"tag-goteborg","14":"tag-headlines","15":"tag-huvudnyheter","16":"tag-lag-ratt","17":"tag-latest-news","18":"tag-latestnews","19":"tag-main-news","20":"tag-mainnews","21":"tag-news","22":"tag-nyheter","23":"tag-religion","24":"tag-rubriker","25":"tag-se","26":"tag-skola-utbildning","27":"tag-svenska","28":"tag-sverige","29":"tag-sweden","30":"tag-swedish","31":"tag-top-stories","32":"tag-topstories","33":"tag-vastra-gotalands-lan"},"share_on_mastodon":{"url":"https:\/\/pubeurope.com\/@se\/115832543207124598","error":""},"_links":{"self":[{"href":"https:\/\/www.europesays.com\/se\/wp-json\/wp\/v2\/posts\/124719","targetHints":{"allow":["GET"]}}],"collection":[{"href":"https:\/\/www.europesays.com\/se\/wp-json\/wp\/v2\/posts"}],"about":[{"href":"https:\/\/www.europesays.com\/se\/wp-json\/wp\/v2\/types\/post"}],"author":[{"embeddable":true,"href":"https:\/\/www.europesays.com\/se\/wp-json\/wp\/v2\/users\/2"}],"replies":[{"embeddable":true,"href":"https:\/\/www.europesays.com\/se\/wp-json\/wp\/v2\/comments?post=124719"}],"version-history":[{"count":0,"href":"https:\/\/www.europesays.com\/se\/wp-json\/wp\/v2\/posts\/124719\/revisions"}],"wp:featuredmedia":[{"embeddable":true,"href":"https:\/\/www.europesays.com\/se\/wp-json\/wp\/v2\/media\/124720"}],"wp:attachment":[{"href":"https:\/\/www.europesays.com\/se\/wp-json\/wp\/v2\/media?parent=124719"}],"wp:term":[{"taxonomy":"category","embeddable":true,"href":"https:\/\/www.europesays.com\/se\/wp-json\/wp\/v2\/categories?post=124719"},{"taxonomy":"post_tag","embeddable":true,"href":"https:\/\/www.europesays.com\/se\/wp-json\/wp\/v2\/tags?post=124719"}],"curies":[{"name":"wp","href":"https:\/\/api.w.org\/{rel}","templated":true}]}}