{"id":124721,"date":"2026-01-03T18:18:11","date_gmt":"2026-01-03T18:18:11","guid":{"rendered":"https:\/\/www.europesays.com\/se\/124721\/"},"modified":"2026-01-03T18:18:11","modified_gmt":"2026-01-03T18:18:11","slug":"ishockey-skelleftea-vande-underlage-sankte-farjestad","status":"publish","type":"post","link":"https:\/\/www.europesays.com\/se\/124721\/","title":{"rendered":"Ishockey: Skellefte\u00e5 v\u00e4nde underl\u00e4ge \u2013 s\u00e4nkte F\u00e4rjestad"},"content":{"rendered":"<p>S\u00e4songen 2024\/2025 gjorde David Tomasek stor succ\u00e9 i F\u00e4rjestad n\u00e4r han toppade po\u00e4ngligan i SHL:s grundserie, 57 po\u00e4ng p\u00e5 47 matcher. Han l\u00e4mnade d\u00e4refter f\u00f6r Edmonton Oilers i NHL \u2013 men nu \u00e4r han allts\u00e5 tillbaka i Karlstad. <\/p>\n<p>Och under den f\u00f6rsta perioden i F\u00e4rjestad-comebacken stod tjecken f\u00f6r ett m\u00e5l och en assist. <\/p>\n<p>\u2013 Otrolig k\u00e4nsla att vara tillbaka, s\u00e4ger Tomasek till TV4.<\/p>\n<p>Resultatet inf\u00f6r den andra perioden var 2-1 till F\u00e4rjestad. Ett resultat som Skellefte\u00e5 ville \u00e4ndra p\u00e5 inf\u00f6r den andra perioden.<\/p>\n<p>Hela tre puckar gick in i F\u00e4rjestads kasse och v\u00e4ndningen var ett faktum. <\/p>\n<p>\u2013 Vi \u00e4r tajta bak\u00e5t, vi har spelat ihop hela s\u00e4songen och vi kan varandra n\u00e4r det g\u00e4ller spel i powerplay, s\u00e4ger Skellefte\u00e5s Rickard Hugg till TV4.<\/p>\n<p>Dubbla matchstraff<\/p>\n<p>Matchen bj\u00f6d p\u00e5 h\u00f6g intensitet och f\u00f6r F\u00e4rjestads Emil Alba och Skellefte\u00e5s Max Krogdahl gick det \u00f6verstyr och ett slagsm\u00e5l br\u00f6t ut. B\u00e5da spelarna tilldelades matchstraff.<\/p>\n<p>Skellefte\u00e5 hade inga planer p\u00e5 att s\u00e4nka sitt tempo i den tredje perioden och vann med tennissiffror, 6-2.<\/p>\n<p>\u2013 Vi visste att det skulle bli en tuff match och vi fick en jobbig start men \u00f6ver 60 minuter gillar jag v\u00e5rt spel med puck. Vi vinner r\u00e4ttvist till slut, s\u00e4ger Skellefte\u00e5s tr\u00e4nare Daniel Hermansson till TV4.<\/p>\n","protected":false},"excerpt":{"rendered":"S\u00e4songen 2024\/2025 gjorde David Tomasek stor succ\u00e9 i F\u00e4rjestad n\u00e4r han toppade po\u00e4ngligan i SHL:s grundserie, 57 po\u00e4ng&hellip;\n","protected":false},"author":2,"featured_media":124722,"comment_status":"","ping_status":"","sticky":false,"template":"","format":"standard","meta":{"footnotes":""},"categories":[5],"tags":[22,23,26,27,17,21,24,25,28,29,15,16,18,34,31,33,32,30,19,20],"class_list":{"0":"post-124721","1":"post","2":"type-post","3":"status-publish","4":"format-standard","5":"has-post-thumbnail","7":"category-rubriker","8":"tag-breaking-news","9":"tag-breakingnews","10":"tag-featured-news","11":"tag-featurednews","12":"tag-headlines","13":"tag-huvudnyheter","14":"tag-latest-news","15":"tag-latestnews","16":"tag-main-news","17":"tag-mainnews","18":"tag-news","19":"tag-nyheter","20":"tag-rubriker","21":"tag-se","22":"tag-svenska","23":"tag-sverige","24":"tag-sweden","25":"tag-swedish","26":"tag-top-stories","27":"tag-topstories"},"share_on_mastodon":{"url":"https:\/\/pubeurope.com\/@se\/115832547108329431","error":""},"_links":{"self":[{"href":"https:\/\/www.europesays.com\/se\/wp-json\/wp\/v2\/posts\/124721","targetHints":{"allow":["GET"]}}],"collection":[{"href":"https:\/\/www.europesays.com\/se\/wp-json\/wp\/v2\/posts"}],"about":[{"href":"https:\/\/www.europesays.com\/se\/wp-json\/wp\/v2\/types\/post"}],"author":[{"embeddable":true,"href":"https:\/\/www.europesays.com\/se\/wp-json\/wp\/v2\/users\/2"}],"replies":[{"embeddable":true,"href":"https:\/\/www.europesays.com\/se\/wp-json\/wp\/v2\/comments?post=124721"}],"version-history":[{"count":0,"href":"https:\/\/www.europesays.com\/se\/wp-json\/wp\/v2\/posts\/124721\/revisions"}],"wp:featuredmedia":[{"embeddable":true,"href":"https:\/\/www.europesays.com\/se\/wp-json\/wp\/v2\/media\/124722"}],"wp:attachment":[{"href":"https:\/\/www.europesays.com\/se\/wp-json\/wp\/v2\/media?parent=124721"}],"wp:term":[{"taxonomy":"category","embeddable":true,"href":"https:\/\/www.europesays.com\/se\/wp-json\/wp\/v2\/categories?post=124721"},{"taxonomy":"post_tag","embeddable":true,"href":"https:\/\/www.europesays.com\/se\/wp-json\/wp\/v2\/tags?post=124721"}],"curies":[{"name":"wp","href":"https:\/\/api.w.org\/{rel}","templated":true}]}}