{"id":124729,"date":"2026-01-03T18:26:31","date_gmt":"2026-01-03T18:26:31","guid":{"rendered":"https:\/\/www.europesays.com\/se\/124729\/"},"modified":"2026-01-03T18:26:31","modified_gmt":"2026-01-03T18:26:31","slug":"farjestadsstjarnan-vi-har-mycket-jobb-framfor-oss-aftonbladet","status":"publish","type":"post","link":"https:\/\/www.europesays.com\/se\/124729\/","title":{"rendered":"F\u00e4rjestadsstj\u00e4rnan: \u201dVi har mycket jobb framf\u00f6r oss\u201d &#8211; Aftonbladet"},"content":{"rendered":"<ol>\n<li><a href=\"https:\/\/news.google.com\/rss\/articles\/CBMigwFBVV95cUxPRFhqSFh1NS03RUtWWGxseW9xTU9ZYVhFeG5QZUk2NTBna0tEdWxQVndmLXM1ODhCQTl6VExjVnlfd1ByRFM0OTlVcnNOMkl1NWFnei05SVA3Rm9WLURIX3pqVXkweW1oRGlqU3VURllwdkpnLWJNUjNDWF94a19WSjNLdw?oc=5\" target=\"_blank\" rel=\"nofollow noopener\">F\u00e4rjestadsstj\u00e4rnan: \u201dVi har mycket jobb framf\u00f6r oss\u201d<\/a>&nbsp;&nbsp;Aftonbladet<\/li>\n<li><a href=\"https:\/\/news.google.com\/rss\/articles\/CBMiqAFBVV95cUxOQzBZOTNnamVZM0xKYjRhV3dYWmpsX1FJaWNjUFE1VEdPaHJMSG5MTV9LUU93RE9SVnZONXpIbE90MEZ3b29FeVZsYmFXbUhiLUsyNGhnWXBJeGNvaWNZa01xRENObUhwZGVyZko0bmR5eWJtMFJ2eWFvWktFZHl4cFNHNXUxb1dWRjdJdDd2TThEeXVhTzNPOEY1TVFKUjBPRUdqTWdDOFA?oc=5\" target=\"_blank\" rel=\"nofollow noopener\">Dubbla matchstraff efter slagsm\u00e5l i rivalm\u00f6tet<\/a>&nbsp;&nbsp;Aftonbladet<\/li>\n<li><a href=\"https:\/\/news.google.com\/rss\/articles\/CBMirgFBVV95cUxOMUlJbV9vdDg1MDllRVNUUmxtbDJiNUpzZERHQW9tTjhDb3MxTU9Rc3JmYnBuTllZYlQydG1Id0dvY295R0xlSjBLR25wcklaVVBBWlI3YWVyU0pJQU5MeFR6bGowUWhOSnJseXJ1TkM0SmNGX19GdVk0U0xEd0xQcDFoNHVHbWU3QVBuQmhTaG5tdWx4MzJRSF9wSHFvbmNsRjFNLXRIbDFQbjZfcUE?oc=5\" target=\"_blank\" rel=\"nofollow noopener\">Pudas f\u00f6rst\u00f6rde \u201dTomashow\u201d \u2013 gjorde fyra po\u00e4ng n\u00e4r AIK vann<\/a>&nbsp;&nbsp;Norran<\/li>\n<li><a href=\"https:\/\/news.google.com\/rss\/articles\/CBMiogFBVV95cUxOVHp1a1k4Mi1nTzI2cnVGTGNaemozTWc4eTNzcW9fRjFia3ZvVDhULWZaemF6bE5LRVItNlpnd0o0YTFsbG9kbVlXR2h2UEdQTUJlWS1Ick5NcEhXazhabzBrM0tUUGNQd0VtNHhROUpad2E0UTFoODdRdGUzZXV4aVJ4TnlvYUxMcHBHUGN0WmVMRVBrdkRDczhBdmJ2NDh3dWc?oc=5\" target=\"_blank\" rel=\"nofollow noopener\">H\u00e4r \u00e4r F\u00e4rjestads m\u00e5lvaktsval \u2013 och centern saknas mot Skellefte\u00e5<\/a>&nbsp;&nbsp;NWT<\/li>\n<li><a href=\"https:\/\/news.google.com\/rss\/articles\/CBMikAFBVV95cUxNUks0aFFGaWxDSGZhZFpJMVJQS283clNWelN6empRbUJyX1NLWElMSlo2UzdWOU5GR2thQUpleks5X00xSkp4TnlweW40T1NOSlVRQnRqWnBBNjY1X0tPdmpxRGFINkd4dGJ4RHE0bzM2QlRkZ2UtSTJrUEcyS1I1VExsZ1JIeC1qU2dNR3Frc0k?oc=5\" target=\"_blank\" rel=\"nofollow noopener\">Ishockey: Ett bes\u00f6karinl\u00e4gg i \u201dSenaste nytt: SHL\u201d<\/a>&nbsp;&nbsp;SVT Nyheter<\/li>\n<\/ol>\n","protected":false},"excerpt":{"rendered":"F\u00e4rjestadsstj\u00e4rnan: \u201dVi har mycket jobb framf\u00f6r oss\u201d&nbsp;&nbsp;Aftonbladet Dubbla matchstraff efter slagsm\u00e5l i rivalm\u00f6tet&nbsp;&nbsp;Aftonbladet Pudas f\u00f6rst\u00f6rde \u201dTomashow\u201d \u2013 gjorde&hellip;\n","protected":false},"author":2,"featured_media":124730,"comment_status":"","ping_status":"","sticky":false,"template":"","format":"standard","meta":{"footnotes":""},"categories":[5],"tags":[22,23,26,27,17,21,24,25,28,29,15,16,18,34,31,33,32,30,19,20],"class_list":{"0":"post-124729","1":"post","2":"type-post","3":"status-publish","4":"format-standard","5":"has-post-thumbnail","7":"category-rubriker","8":"tag-breaking-news","9":"tag-breakingnews","10":"tag-featured-news","11":"tag-featurednews","12":"tag-headlines","13":"tag-huvudnyheter","14":"tag-latest-news","15":"tag-latestnews","16":"tag-main-news","17":"tag-mainnews","18":"tag-news","19":"tag-nyheter","20":"tag-rubriker","21":"tag-se","22":"tag-svenska","23":"tag-sverige","24":"tag-sweden","25":"tag-swedish","26":"tag-top-stories","27":"tag-topstories"},"share_on_mastodon":{"url":"https:\/\/pubeurope.com\/@se\/115832578550956498","error":""},"_links":{"self":[{"href":"https:\/\/www.europesays.com\/se\/wp-json\/wp\/v2\/posts\/124729","targetHints":{"allow":["GET"]}}],"collection":[{"href":"https:\/\/www.europesays.com\/se\/wp-json\/wp\/v2\/posts"}],"about":[{"href":"https:\/\/www.europesays.com\/se\/wp-json\/wp\/v2\/types\/post"}],"author":[{"embeddable":true,"href":"https:\/\/www.europesays.com\/se\/wp-json\/wp\/v2\/users\/2"}],"replies":[{"embeddable":true,"href":"https:\/\/www.europesays.com\/se\/wp-json\/wp\/v2\/comments?post=124729"}],"version-history":[{"count":0,"href":"https:\/\/www.europesays.com\/se\/wp-json\/wp\/v2\/posts\/124729\/revisions"}],"wp:featuredmedia":[{"embeddable":true,"href":"https:\/\/www.europesays.com\/se\/wp-json\/wp\/v2\/media\/124730"}],"wp:attachment":[{"href":"https:\/\/www.europesays.com\/se\/wp-json\/wp\/v2\/media?parent=124729"}],"wp:term":[{"taxonomy":"category","embeddable":true,"href":"https:\/\/www.europesays.com\/se\/wp-json\/wp\/v2\/categories?post=124729"},{"taxonomy":"post_tag","embeddable":true,"href":"https:\/\/www.europesays.com\/se\/wp-json\/wp\/v2\/tags?post=124729"}],"curies":[{"name":"wp","href":"https:\/\/api.w.org\/{rel}","templated":true}]}}