{"id":124735,"date":"2026-01-03T18:34:13","date_gmt":"2026-01-03T18:34:13","guid":{"rendered":"https:\/\/www.europesays.com\/se\/124735\/"},"modified":"2026-01-03T18:34:13","modified_gmt":"2026-01-03T18:34:13","slug":"bagagekaos-pa-arlanda-stor-ilska-bland-passagerare-sverige","status":"publish","type":"post","link":"https:\/\/www.europesays.com\/se\/124735\/","title":{"rendered":"Bagagekaos p\u00e5 Arlanda \u2013 stor ilska bland passagerare | Sverige"},"content":{"rendered":"<p>Publicerad 3 jan 2026 kl 16.27Uppdaterad kl 18.57<\/p>\n<p>Det r\u00e5der upprorsst\u00e4mning p\u00e5 Arlanda.<\/p>\n<p>Passagerare har v\u00e4ntat i flera timmar \u2013 och bagage staplas p\u00e5 varandra.<\/p>\n<p>\u2013 Det \u00e4r totalt kaos h\u00e4r. V\u00e4ldigt m\u00e5nga \u00e4r uppgivna, s\u00e4ger Elisabeth Pousette, 65, som inte har kommit i v\u00e4g till Marrakesh.\u00a0<\/p>\n<p>Enligt flygplatschefen beror f\u00f6rseningarna och bagagestrulet p\u00e5 v\u00e4dret. \u00a0<\/p>\n<p><img   alt=\"\"\/><\/p>\n<p>Bilder vittnar om bagagekaoset p\u00e5 Arlanda.<\/p>\n<p>Foto: Privat \/ Privat<\/p>\n<p>\u00d6ppna bild i helsk\u00e4rm<img loading=\"lazy\"   alt=\"\"\/><\/p>\n<p>Resen\u00e4rer \u00e4r b\u00e5de frustrerade och uppgivna.<\/p>\n<p>Foto: Elisabeth Pousette<\/p>\n<p>\u00d6ppna bild i helsk\u00e4rm<\/p>\n<p>Sn\u00f6stormen Anna sl\u00e5r h\u00e5rt mot <a href=\"https:\/\/www.expressen.se\/tagg\/location\/stockholm\/\" class=\"\" rel=\"nofollow noopener\" target=\"_blank\">Stockholm<\/a> och SMHI har utf\u00e4rdat flera v\u00e4dervarningar.\u00a0<\/p>\n<p>P\u00e5 Arlanda r\u00e5der f\u00f6r n\u00e4rvarande kaos vid bagageutl\u00e4mningen. M\u00e5nga passagerare har tvingats v\u00e4nta i timmar p\u00e5 att f\u00e5 sitt bagage. Bilder visar hur m\u00e4ngder av v\u00e4skor staplats p\u00e5 varandra.<\/p>\n<p>\u201dPackade fel bagage\u201d<\/p>\n<p>Elisabeth Pousette var p\u00e5 plats p\u00e5 Arlanda vid 09-tiden f\u00f6r att flyga till Marrakesh med Norwegian. Passagerarna fick g\u00e5 ombord p\u00e5 planet \u2013 men det lyfte aldrig.\u00a0<\/p>\n<p>\u2013 De packade fel bagage. N\u00e4r vi satt p\u00e5 v\u00e5r flight sa kaptenen: \u201dNej, Swedavia har packat fel v\u00e4skor \u2013 vi st\u00e4ller in\u201d. Vi f\u00f6stes ur planet och sedan dess har vi f\u00f6rs\u00f6kt boka om, s\u00e4ger Elisabeth Pousette och forts\u00e4tter:<\/p>\n<p>\u2013 Nu \u00e4r det verkligen kaos h\u00e4r. Det \u00e4r v\u00e4ldigt m\u00e5nga f\u00f6rsenade plan. Folk ser mer och mer ledsna och tr\u00f6tta ut. Men vi kunde konstatera att det var v\u00e4ldigt rent och fint p\u00e5 startbanorna. Det \u00e4r mer den m\u00e4nskliga faktorn.\u00a0<\/p>\n<p>Enligt Swedavia \u00e4r det olika marktj\u00e4nstbolag som flygbolagen\u00a0anlitar som ansvarar f\u00f6r packningen av bagage. \u00a0Swedavia uppger f\u00f6r Expressen att man g\u00f6r allt man kan f\u00f6r att l\u00f6sa situationen och att man har satt in extra resurser.\u00a0<\/p>\n<p><img loading=\"lazy\"   alt=\"\"\/><\/p>\n<p>Elisabeth Pousette, 65, skulle flyga till Marrakesh, men kom aldrig i v\u00e4g. Detta f\u00f6r att fel bagage lastats p\u00e5 planet.<\/p>\n<p>Foto: Privat<\/p>\n<p>\u00d6ppna bild i helsk\u00e4rm\u00c5ker hem \u2013 utan resv\u00e4skorna<\/p>\n<p>Elisabeth Pousette och hennes reses\u00e4llskap \u00e4r ocks\u00e5 kritiska till den bristf\u00e4lliga informationen. Hon s\u00e4ger att de sj\u00e4lva har f\u00e5tt ringa Norwegian f\u00f6r att f\u00e5 information om de kan komma i v\u00e4g med ett senare plan.\u00a0<\/p>\n<p>De har best\u00e4mt sig f\u00f6r att l\u00f6sa en resa till Marrakesh genom sin reseanordnare i st\u00e4llet.\u00a0<\/p>\n<p>\u2013 Vi \u00e5ker hem nu, s\u00e4ger hon. \u00a0<\/p>\n<p>Men de har allts\u00e5 inte f\u00e5tt tillbaka sina resv\u00e4skor.\u00a0<\/p>\n<p>\u2013 Vi har anm\u00e4lt det. Det \u00e4r en j\u00e4ttel\u00e5ng k\u00f6. De som ska flyga vidare, som redan ordnat med en flight, de f\u00e5r inte sitt bagage i dag heller, s\u00e4ger Elisabeth Pousette.\u00a0<\/p>\n<p><img loading=\"lazy\"   alt=\"\"\/><\/p>\n<p>Resv\u00e4skor ligger huller om buller.<\/p>\n<p>Foto: Elisabeth Pousette<\/p>\n<p>\u00d6ppna bild i helsk\u00e4rmFlygplatschefen: V\u00e4drets fel<\/p>\n<p>Karl Eklund, flygplatschef p\u00e5 Arlanda, menar att problemen med bagaget kan h\u00e4rledas till v\u00e4dret.<\/p>\n<p>\u2013 Just nu \u00e4r det f\u00f6rseningar p\u00e5 Arlanda b\u00e5de f\u00f6r inkommande och utg\u00e5ende flyg. Flygs\u00e4kerheten g\u00e5r alltid f\u00f6rst och eftersom det r\u00f6r sig om en exceptionell m\u00e4ngd sn\u00f6 i kombination med vind tar det l\u00e4ngre tid \u00e4n vanligt att h\u00e5lla rent p\u00e5 banor och st\u00f6rre omkringliggande ytor som anv\u00e4nds, skriver han till Expressen.<\/p>\n<p>\u2013 Samlat p\u00e5verkar detta hanteringen av bagaget, skriver han.<\/p>\n<p>Karl Eklund h\u00e4nvisar till flygbolagen f\u00f6r information om sitt bagage.<\/p>\n<p>\u2013 Om man f\u00e5tt information fr\u00e5n sitt flybolag att det ska skickas hem s\u00e5 g\u00f6rs det.<\/p>\n","protected":false},"excerpt":{"rendered":"Publicerad 3 jan 2026 kl 16.27Uppdaterad kl 18.57 Det r\u00e5der upprorsst\u00e4mning p\u00e5 Arlanda. Passagerare har v\u00e4ntat i flera&hellip;\n","protected":false},"author":2,"featured_media":124736,"comment_status":"","ping_status":"","sticky":false,"template":"","format":"standard","meta":{"footnotes":""},"categories":[5],"tags":[22,23,26,27,17,21,24,25,107,135,28,29,15,16,18,34,154,31,33,32,30,19,20],"class_list":{"0":"post-124735","1":"post","2":"type-post","3":"status-publish","4":"format-standard","5":"has-post-thumbnail","7":"category-rubriker","8":"tag-breaking-news","9":"tag-breakingnews","10":"tag-featured-news","11":"tag-featurednews","12":"tag-headlines","13":"tag-huvudnyheter","14":"tag-latest-news","15":"tag-latestnews","16":"tag-location-arlanda","17":"tag-location-stockholm","18":"tag-main-news","19":"tag-mainnews","20":"tag-news","21":"tag-nyheter","22":"tag-rubriker","23":"tag-se","24":"tag-sections-sverige","25":"tag-svenska","26":"tag-sverige","27":"tag-sweden","28":"tag-swedish","29":"tag-top-stories","30":"tag-topstories"},"share_on_mastodon":{"url":"https:\/\/pubeurope.com\/@se\/115832610007839428","error":""},"_links":{"self":[{"href":"https:\/\/www.europesays.com\/se\/wp-json\/wp\/v2\/posts\/124735","targetHints":{"allow":["GET"]}}],"collection":[{"href":"https:\/\/www.europesays.com\/se\/wp-json\/wp\/v2\/posts"}],"about":[{"href":"https:\/\/www.europesays.com\/se\/wp-json\/wp\/v2\/types\/post"}],"author":[{"embeddable":true,"href":"https:\/\/www.europesays.com\/se\/wp-json\/wp\/v2\/users\/2"}],"replies":[{"embeddable":true,"href":"https:\/\/www.europesays.com\/se\/wp-json\/wp\/v2\/comments?post=124735"}],"version-history":[{"count":0,"href":"https:\/\/www.europesays.com\/se\/wp-json\/wp\/v2\/posts\/124735\/revisions"}],"wp:featuredmedia":[{"embeddable":true,"href":"https:\/\/www.europesays.com\/se\/wp-json\/wp\/v2\/media\/124736"}],"wp:attachment":[{"href":"https:\/\/www.europesays.com\/se\/wp-json\/wp\/v2\/media?parent=124735"}],"wp:term":[{"taxonomy":"category","embeddable":true,"href":"https:\/\/www.europesays.com\/se\/wp-json\/wp\/v2\/categories?post=124735"},{"taxonomy":"post_tag","embeddable":true,"href":"https:\/\/www.europesays.com\/se\/wp-json\/wp\/v2\/tags?post=124735"}],"curies":[{"name":"wp","href":"https:\/\/api.w.org\/{rel}","templated":true}]}}