{"id":124748,"date":"2026-01-03T18:50:40","date_gmt":"2026-01-03T18:50:40","guid":{"rendered":"https:\/\/www.europesays.com\/se\/124748\/"},"modified":"2026-01-03T18:50:40","modified_gmt":"2026-01-03T18:50:40","slug":"har-blir-snoovadret-som-varst-i-helgen-stora-mangder","status":"publish","type":"post","link":"https:\/\/www.europesays.com\/se\/124748\/","title":{"rendered":"H\u00e4r blir sn\u00f6ov\u00e4dret som v\u00e4rst i helgen: \u201dStora m\u00e4ngder\u201d"},"content":{"rendered":"<p>\u201dJu n\u00e4rmare kusten man \u00e4r desto kraftigare blir sn\u00f6byarna. Vi ser att \u00f6ver \u00d6sthammar och Norrt\u00e4lje kommer det att komma v\u00e4ldigt stora m\u00e4ngder. Men ocks\u00e5 en bit in\u00e5t land\u201d, s\u00e4ger Emma H\u00e4renstam.<\/p>\n<p><strong>Det har utf\u00e4rdats<\/strong> en orange varning f\u00f6r sn\u00f6fall i kombination med vind f\u00f6r b\u00e5de l\u00f6rdag och s\u00f6ndag f\u00f6r omr\u00e5det, som innefattar st\u00e4der som Stockholm, Uppsala, \u00c5kersberga och Vaxholm.<\/p>\n<p>SMHI varnar f\u00f6r att ov\u00e4dret kan leda till mycket besv\u00e4rliga trafikf\u00f6rh\u00e5llanden.<\/p>\n<p><strong>Runt G\u00e4vle och<\/strong> Sundsvall kommer sn\u00f6andet att tappa i intensitet under l\u00f6rdagskv\u00e4llen.<\/p>\n<p>\u201dOv\u00e4dret har sitt centrum \u00f6ver \u00d6stersj\u00f6n och kommer att ligga d\u00e4r och snurra \u00e4ven p\u00e5 s\u00f6ndag, men sedan f\u00f6rsvagas l\u00e5gtrycket och drar vidare \u00f6sterut\u201d, s\u00e4ger Emma H\u00e4renstam.<\/p>\n<p>Det blir lite sn\u00f6igt \u00e4ven efter detta \u2013 under m\u00e5ndag och tisdag \u2013 i s\u00f6dra Sverige.<\/p>\n<p>\u201dDet \u00e4r f\u00f6r tidigt att s\u00e4ga om det blir p\u00e5 varningsniv\u00e5, men det ska ju f\u00f6rsvagas\u201d, s\u00e4ger hon.<\/p>\n","protected":false},"excerpt":{"rendered":"\u201dJu n\u00e4rmare kusten man \u00e4r desto kraftigare blir sn\u00f6byarna. Vi ser att \u00f6ver \u00d6sthammar och Norrt\u00e4lje kommer det&hellip;\n","protected":false},"author":2,"featured_media":124749,"comment_status":"","ping_status":"","sticky":false,"template":"","format":"standard","meta":{"footnotes":""},"categories":[5],"tags":[22,23,26,27,17,21,24,25,28,29,15,16,18,34,31,33,32,30,19,20],"class_list":{"0":"post-124748","1":"post","2":"type-post","3":"status-publish","4":"format-standard","5":"has-post-thumbnail","7":"category-rubriker","8":"tag-breaking-news","9":"tag-breakingnews","10":"tag-featured-news","11":"tag-featurednews","12":"tag-headlines","13":"tag-huvudnyheter","14":"tag-latest-news","15":"tag-latestnews","16":"tag-main-news","17":"tag-mainnews","18":"tag-news","19":"tag-nyheter","20":"tag-rubriker","21":"tag-se","22":"tag-svenska","23":"tag-sverige","24":"tag-sweden","25":"tag-swedish","26":"tag-top-stories","27":"tag-topstories"},"share_on_mastodon":{"url":"https:\/\/pubeurope.com\/@se\/115832672936679832","error":""},"_links":{"self":[{"href":"https:\/\/www.europesays.com\/se\/wp-json\/wp\/v2\/posts\/124748","targetHints":{"allow":["GET"]}}],"collection":[{"href":"https:\/\/www.europesays.com\/se\/wp-json\/wp\/v2\/posts"}],"about":[{"href":"https:\/\/www.europesays.com\/se\/wp-json\/wp\/v2\/types\/post"}],"author":[{"embeddable":true,"href":"https:\/\/www.europesays.com\/se\/wp-json\/wp\/v2\/users\/2"}],"replies":[{"embeddable":true,"href":"https:\/\/www.europesays.com\/se\/wp-json\/wp\/v2\/comments?post=124748"}],"version-history":[{"count":0,"href":"https:\/\/www.europesays.com\/se\/wp-json\/wp\/v2\/posts\/124748\/revisions"}],"wp:featuredmedia":[{"embeddable":true,"href":"https:\/\/www.europesays.com\/se\/wp-json\/wp\/v2\/media\/124749"}],"wp:attachment":[{"href":"https:\/\/www.europesays.com\/se\/wp-json\/wp\/v2\/media?parent=124748"}],"wp:term":[{"taxonomy":"category","embeddable":true,"href":"https:\/\/www.europesays.com\/se\/wp-json\/wp\/v2\/categories?post=124748"},{"taxonomy":"post_tag","embeddable":true,"href":"https:\/\/www.europesays.com\/se\/wp-json\/wp\/v2\/tags?post=124748"}],"curies":[{"name":"wp","href":"https:\/\/api.w.org\/{rel}","templated":true}]}}