{"id":124768,"date":"2026-01-03T19:18:09","date_gmt":"2026-01-03T19:18:09","guid":{"rendered":"https:\/\/www.europesays.com\/se\/124768\/"},"modified":"2026-01-03T19:18:09","modified_gmt":"2026-01-03T19:18:09","slug":"j-j-abrams-forsta-film-pa-7-ar-har-fatt-en-titel","status":"publish","type":"post","link":"https:\/\/www.europesays.com\/se\/124768\/","title":{"rendered":"J.J. Abrams f\u00f6rsta film p\u00e5 7 \u00e5r har f\u00e5tt en titel"},"content":{"rendered":"<p>J.J. Abrams har inte sl\u00e4ppt en film sedan 2016, d\u00e5 han sa farv\u00e4l till en avl\u00e4gsen galax. Produktionen av hans n\u00e4sta skr\u00f6na b\u00f6rjade i London i v\u00e5ras och det mesta \u00e4r i vanlig ordning hemligt, men nu har titeln l\u00e4ckt ut.<\/p>\n<p>Manuset har l\u00e4mnats in till det amerikanska facket f\u00f6r manusf\u00f6rfattare, skriver <a href=\"https:\/\/www.worldofreel.com\/blog\/2026\/1\/3\/jj-abrams\" rel=\"nofollow noopener\" target=\"_blank\">World of Reel<\/a>, och d\u00e4rmed vet vi nu att dess titel \u00e4r <strong>\u201dThe Great Beyond\u201d<\/strong>.<\/p>\n<p>Ryktet s\u00e4ger att <a href=\"https:\/\/www.moviezine.se\/nyheter\/efter-6-ar-j-j-abrams-nasta-film-spelas-in-i-maj\" rel=\"nofollow noopener\" target=\"_blank\">filmen \u00e4r inspirerad<\/a> av \u201dThe Last Starfighter, en kultfilm fr\u00e5n 80-talet, och handlar om en f\u00f6rfattare som uppt\u00e4cker att v\u00e4rlden han skapat \u00e4r \u00e4kta. Vilket f\u00f6rst\u00e5s leder till ett \u00e4ventyr.<\/p>\n<p>L\u00e4s ocks\u00e5: <a href=\"https:\/\/www.moviezine.se\/nyheter\/10-ar-sedan-the-force-awakens-har-ar-historien-bakom-storfilmen\" title=\"10 \u00e5r sedan \u201dThe Force Awakens\u201d \u2013 h\u00e4r \u00e4r historien bakom storfilmen\" class=\"underline-custom !font-montserrat !font-bold !underline-offset-4 !decoration-4 !decoration-moviezine-green !text-md\" rel=\"nofollow noopener\" target=\"_blank\">10 \u00e5r sedan \u201dThe Force Awakens\u201d \u2013 h\u00e4r \u00e4r historien bakom storfilmen<\/a><\/p>\n<p>Det enda som vi vet s\u00e4kert \u00e4r att Glenn Powell spelar f\u00f6rfattaren, och att han f\u00e5r s\u00e4llskap av namn som Jenna Ortega, Emma Mackey och Samuel L. Jackson. J.J. Abrams b\u00e5de skriver och regisserar.<\/p>\n<p>Jag \u00e4r inget st\u00f6rre fan av Abrams, det ska erk\u00e4nnas, men om handlingen st\u00e4mmer \u00e4r det tillr\u00e4ckligt f\u00f6r att min nyfikenhet \u00e4nd\u00e5 ska kittlas.<\/p>\n<p>Vi f\u00e5r se om han \u00f6verraskar mig, n\u00e4r \u201dThe Great Beyond\u201d har premi\u00e4r. V\u00e5gar vi hoppas p\u00e5 sent 2026? Han \u00e4r h\u00e5ller ju trots allt p\u00e5 med efterarbetet nu. Det \u00e4r bara att h\u00e5lla tummarna.<\/p>\n<p>L\u00e4s ocks\u00e5: <a href=\"https:\/\/www.moviezine.se\/nyheter\/dwayne-johnson-om-j-j-abrams-hemliga-storfilm-riktigt-coolt\" title=\"Dwayne Johnson om J.J. Abrams hemliga storfilm: \u201dRiktigt coolt\u201d\" class=\"underline-custom !font-montserrat !font-bold !underline-offset-4 !decoration-4 !decoration-moviezine-green !text-md\" rel=\"nofollow noopener\" target=\"_blank\">Dwayne Johnson om J.J. Abrams hemliga storfilm: \u201dRiktigt coolt\u201d<\/a><\/p>\n<p>L\u00e4s ocks\u00e5: <a href=\"https:\/\/www.moviezine.se\/nyheter\/rykte-david-fincher-ville-regissera-en-star-wars-film-kom-inte-overens-med-lucasfilm\" title=\"Rykte: David Fincher ville regissera en \u201dStar Wars\u201d-film \u2013 kom inte \u00f6verens med Lucasfilm\" class=\"underline-custom !font-montserrat !font-bold !underline-offset-4 !decoration-4 !decoration-moviezine-green !text-md\" rel=\"nofollow noopener\" target=\"_blank\">Rykte: David Fincher ville regissera en \u201dStar Wars\u201d-film \u2013 kom inte \u00f6verens med Lucasfilm<\/a><\/p>\n","protected":false},"excerpt":{"rendered":"J.J. Abrams har inte sl\u00e4ppt en film sedan 2016, d\u00e5 han sa farv\u00e4l till en avl\u00e4gsen galax. Produktionen&hellip;\n","protected":false},"author":2,"featured_media":124769,"comment_status":"","ping_status":"","sticky":false,"template":"","format":"standard","meta":{"footnotes":""},"categories":[67],"tags":[104,2278,34,31,33,32,30,105],"class_list":{"0":"post-124768","1":"post","2":"type-post","3":"status-publish","4":"format-standard","5":"has-post-thumbnail","7":"category-underhallning","8":"tag-entertainment","9":"tag-kommande-filmer","10":"tag-se","11":"tag-svenska","12":"tag-sverige","13":"tag-sweden","14":"tag-swedish","15":"tag-underhallning"},"share_on_mastodon":{"url":"https:\/\/pubeurope.com\/@se\/115832782988119386","error":""},"_links":{"self":[{"href":"https:\/\/www.europesays.com\/se\/wp-json\/wp\/v2\/posts\/124768","targetHints":{"allow":["GET"]}}],"collection":[{"href":"https:\/\/www.europesays.com\/se\/wp-json\/wp\/v2\/posts"}],"about":[{"href":"https:\/\/www.europesays.com\/se\/wp-json\/wp\/v2\/types\/post"}],"author":[{"embeddable":true,"href":"https:\/\/www.europesays.com\/se\/wp-json\/wp\/v2\/users\/2"}],"replies":[{"embeddable":true,"href":"https:\/\/www.europesays.com\/se\/wp-json\/wp\/v2\/comments?post=124768"}],"version-history":[{"count":0,"href":"https:\/\/www.europesays.com\/se\/wp-json\/wp\/v2\/posts\/124768\/revisions"}],"wp:featuredmedia":[{"embeddable":true,"href":"https:\/\/www.europesays.com\/se\/wp-json\/wp\/v2\/media\/124769"}],"wp:attachment":[{"href":"https:\/\/www.europesays.com\/se\/wp-json\/wp\/v2\/media?parent=124768"}],"wp:term":[{"taxonomy":"category","embeddable":true,"href":"https:\/\/www.europesays.com\/se\/wp-json\/wp\/v2\/categories?post=124768"},{"taxonomy":"post_tag","embeddable":true,"href":"https:\/\/www.europesays.com\/se\/wp-json\/wp\/v2\/tags?post=124768"}],"curies":[{"name":"wp","href":"https:\/\/api.w.org\/{rel}","templated":true}]}}