{"id":124782,"date":"2026-01-03T19:36:25","date_gmt":"2026-01-03T19:36:25","guid":{"rendered":"https:\/\/www.europesays.com\/se\/124782\/"},"modified":"2026-01-03T19:36:25","modified_gmt":"2026-01-03T19:36:25","slug":"svenskar-fick-ogonsjukdom-av-novo-nordisks-fetmalakemedel-di","status":"publish","type":"post","link":"https:\/\/www.europesays.com\/se\/124782\/","title":{"rendered":"Svenskar fick \u00f6gonsjukdom av Novo Nordisks fetmal\u00e4kemedel &#8211; DI"},"content":{"rendered":"<ol>\n<li><a href=\"https:\/\/news.google.com\/rss\/articles\/CBMiiAFBVV95cUxQNHN1R0RuZnNwdjV5aF9oejFYUFlpamxtNU5hcU5NbEwxTnMtQ0tXTUdPVW16ZnV6ZTdMRC1INm01TzZxZlpnbGxSQlZNczl2Tk1NYTlpMU85V05oUlVqU1VNc284UjIySlBwUnRrNnFHRkNIaGVDRW9uS2FJVU9zNjYtOVN5WGJl?oc=5\" target=\"_blank\" rel=\"nofollow noopener\">Svenskar fick \u00f6gonsjukdom av Novo Nordisks fetmal\u00e4kemedel<\/a>&nbsp;&nbsp;DI<\/li>\n<li><a href=\"https:\/\/news.google.com\/rss\/articles\/CBMipAFBVV95cUxQTHZtNTBZMWxWMkc4RGZLeVR6SU85elpqd3ZGQ0h0WlRWbGhFTl95QnB2b3BxZFNkYVppRFdoQVg0XzNBRU5EY0NVaHZkNC1oX196RUZOUFlSeUZ3WDVFdE8yQzQwWlNGLW1zRzlhSWZudTFyQnlxZkxrMS13T0Q3dmVyZHlHN3BuY1dZc25ERnRtdmVBc0VqNzVmaUd0U2VYeTRQZQ?oc=5\" target=\"_blank\" rel=\"nofollow noopener\">Svensk patient ers\u00e4tts f\u00f6r \u00f6gonsjukdom som kopplats till semaglutid<\/a>&nbsp;&nbsp;L\u00e4kartidningen<\/li>\n<li><a href=\"https:\/\/news.google.com\/rss\/articles\/CBMieEFVX3lxTE9YMUgzdHpuZTBwWURZeEFvZGE1U25vd1o2NWtxSVRkRWpKanB0Qm9MbklqVG00dkRSYmtMY0lfNHpTTEo4NW9hS1B3bThJbFhKZ2cxWEZUOHo0b2VLWjFLVWRZX3IzUTN4LWIzVlFMMEh3emY1RUl4bA?oc=5\" target=\"_blank\" rel=\"nofollow noopener\">Ozempic kan ge \u00f6gonsjukdom \u2013 flera fall utreds<\/a>&nbsp;&nbsp;Omni<\/li>\n<li><a href=\"https:\/\/news.google.com\/rss\/articles\/CBMiqgFBVV95cUxNbXowN0s0UTVYWTMyam01ZWlqTGNqeGFHV1RDb29pNFpLYVo2RVFDRVl3Z3FhdV9TY1M0SGlsbzJzR1d0UmNLYmQwV0l4M3Z0bkhDMTFUbDRoWG53dkZQMTlPb1hTM3lEM0ZTa2VWWTN6UjRqSy1jQy1weENhRmtoMmprQ3lZTmRpaVZ3Y0lGdVpHY1NHWjZiX3lnbkp3WjhsMnV4NUc4UUJaUQ?oc=5\" target=\"_blank\" rel=\"nofollow noopener\">Ozempic kopplas till \u00f6gonsjukdom \u2013 svensk patient drabbad<\/a>&nbsp;&nbsp;Kvartal<\/li>\n<li><a href=\"https:\/\/news.google.com\/rss\/articles\/CBMif0FVX3lxTE1WRDRDSUVtOHFLSU1pQklUV2xQcUtNb00zSVVISHlycU82VnlVZWxlczZrVldJYlFCT2Nfc1c3c2k4SG1OWDAtbUlaR0FyOWRxellJWndnSmpYRzZaaThDZy1yNldmWEV2bXpLSnZOOVpRQTZpT05ILWVJalh3VUU?oc=5\" target=\"_blank\" rel=\"nofollow noopener\">Ozempic gav \u00f6gonsjukdom \u2013 ytterligare fall utreds<\/a>&nbsp;&nbsp;HD<\/li>\n<\/ol>\n","protected":false},"excerpt":{"rendered":"Svenskar fick \u00f6gonsjukdom av Novo Nordisks fetmal\u00e4kemedel&nbsp;&nbsp;DI Svensk patient ers\u00e4tts f\u00f6r \u00f6gonsjukdom som kopplats till semaglutid&nbsp;&nbsp;L\u00e4kartidningen Ozempic kan&hellip;\n","protected":false},"author":2,"featured_media":124783,"comment_status":"","ping_status":"","sticky":false,"template":"","format":"standard","meta":{"footnotes":""},"categories":[65],"tags":[72,70,71,34,31,33,32,30],"class_list":{"0":"post-124782","1":"post","2":"type-post","3":"status-publish","4":"format-standard","5":"has-post-thumbnail","7":"category-ekonomi","8":"tag-business","9":"tag-economy","10":"tag-ekonomi","11":"tag-se","12":"tag-svenska","13":"tag-sverige","14":"tag-sweden","15":"tag-swedish"},"share_on_mastodon":{"url":"https:\/\/pubeurope.com\/@se\/115832853760699317","error":""},"_links":{"self":[{"href":"https:\/\/www.europesays.com\/se\/wp-json\/wp\/v2\/posts\/124782","targetHints":{"allow":["GET"]}}],"collection":[{"href":"https:\/\/www.europesays.com\/se\/wp-json\/wp\/v2\/posts"}],"about":[{"href":"https:\/\/www.europesays.com\/se\/wp-json\/wp\/v2\/types\/post"}],"author":[{"embeddable":true,"href":"https:\/\/www.europesays.com\/se\/wp-json\/wp\/v2\/users\/2"}],"replies":[{"embeddable":true,"href":"https:\/\/www.europesays.com\/se\/wp-json\/wp\/v2\/comments?post=124782"}],"version-history":[{"count":0,"href":"https:\/\/www.europesays.com\/se\/wp-json\/wp\/v2\/posts\/124782\/revisions"}],"wp:featuredmedia":[{"embeddable":true,"href":"https:\/\/www.europesays.com\/se\/wp-json\/wp\/v2\/media\/124783"}],"wp:attachment":[{"href":"https:\/\/www.europesays.com\/se\/wp-json\/wp\/v2\/media?parent=124782"}],"wp:term":[{"taxonomy":"category","embeddable":true,"href":"https:\/\/www.europesays.com\/se\/wp-json\/wp\/v2\/categories?post=124782"},{"taxonomy":"post_tag","embeddable":true,"href":"https:\/\/www.europesays.com\/se\/wp-json\/wp\/v2\/tags?post=124782"}],"curies":[{"name":"wp","href":"https:\/\/api.w.org\/{rel}","templated":true}]}}