{"id":124784,"date":"2026-01-03T19:38:32","date_gmt":"2026-01-03T19:38:32","guid":{"rendered":"https:\/\/www.europesays.com\/se\/124784\/"},"modified":"2026-01-03T19:38:32","modified_gmt":"2026-01-03T19:38:32","slug":"dn-direkt-en-person-till-sjukhus-vid-brand-i-lagenhet","status":"publish","type":"post","link":"https:\/\/www.europesays.com\/se\/124784\/","title":{"rendered":"DN Direkt \u2013 En person till sjukhus vid \u00a0brand i l\u00e4genhet"},"content":{"rendered":"<p>Donald Trump uppger att Venezuelas president Nicol\u00e1s Maduro och hans fru Cilla Flores kommer att f\u00f6ras till New York, d\u00e4r Maduro st\u00e5r \u00e5talad av en amerikansk domstol. \u00c5talet kom redan 2020 och handlar i stora drag om Maduros roll i narkotikasmugglingen fr\u00e5n Venezuela till USA.<\/p>\n<p>Trump ber\u00e4ttar att paret f\u00f6rdes till ett fartyg i USA, efter att ha tillf\u00e5ngatagits under natten till l\u00f6rdag.<\/p>\n<p>Donald Trump, som spenderat jul och ny\u00e5rshelgen i sin Floridafastighet Mar-a-Lago, f\u00f6ljde ingripandet i realtid \u00f6ver video.<\/p>\n<p>\u2013 De bara br\u00f6t sig in, de tog sig in p\u00e5 platser d\u00e4r man inte ska kunna ta sig in, br\u00f6t sig genom st\u00e5ld\u00f6rrar som var d\u00e4r av en anledning, och de tog dem p\u00e5 bara n\u00e5gra sekunder. Jag har aldrig sett n\u00e5got liknande, s\u00e4ger Trump, som citeras av CNN.<\/p>\n<p>Enligt tv\u00e5 k\u00e4llor till CNN tillf\u00e5ngatogs paret Maduro fr\u00e5n sitt sovrum medan de l\u00e5g och sov.<\/p>\n","protected":false},"excerpt":{"rendered":"Donald Trump uppger att Venezuelas president Nicol\u00e1s Maduro och hans fru Cilla Flores kommer att f\u00f6ras till New&hellip;\n","protected":false},"author":2,"featured_media":124785,"comment_status":"","ping_status":"","sticky":false,"template":"","format":"standard","meta":{"footnotes":""},"categories":[12],"tags":[22,23,26,27,17,21,24,25,28,29,15,16,18,34,31,33,32,30,19,20],"class_list":{"0":"post-124784","1":"post","2":"type-post","3":"status-publish","4":"format-standard","5":"has-post-thumbnail","7":"category-sverige","8":"tag-breaking-news","9":"tag-breakingnews","10":"tag-featured-news","11":"tag-featurednews","12":"tag-headlines","13":"tag-huvudnyheter","14":"tag-latest-news","15":"tag-latestnews","16":"tag-main-news","17":"tag-mainnews","18":"tag-news","19":"tag-nyheter","20":"tag-rubriker","21":"tag-se","22":"tag-svenska","23":"tag-sverige","24":"tag-sweden","25":"tag-swedish","26":"tag-top-stories","27":"tag-topstories"},"share_on_mastodon":{"url":"https:\/\/pubeurope.com\/@se\/115832861636480723","error":""},"_links":{"self":[{"href":"https:\/\/www.europesays.com\/se\/wp-json\/wp\/v2\/posts\/124784","targetHints":{"allow":["GET"]}}],"collection":[{"href":"https:\/\/www.europesays.com\/se\/wp-json\/wp\/v2\/posts"}],"about":[{"href":"https:\/\/www.europesays.com\/se\/wp-json\/wp\/v2\/types\/post"}],"author":[{"embeddable":true,"href":"https:\/\/www.europesays.com\/se\/wp-json\/wp\/v2\/users\/2"}],"replies":[{"embeddable":true,"href":"https:\/\/www.europesays.com\/se\/wp-json\/wp\/v2\/comments?post=124784"}],"version-history":[{"count":0,"href":"https:\/\/www.europesays.com\/se\/wp-json\/wp\/v2\/posts\/124784\/revisions"}],"wp:featuredmedia":[{"embeddable":true,"href":"https:\/\/www.europesays.com\/se\/wp-json\/wp\/v2\/media\/124785"}],"wp:attachment":[{"href":"https:\/\/www.europesays.com\/se\/wp-json\/wp\/v2\/media?parent=124784"}],"wp:term":[{"taxonomy":"category","embeddable":true,"href":"https:\/\/www.europesays.com\/se\/wp-json\/wp\/v2\/categories?post=124784"},{"taxonomy":"post_tag","embeddable":true,"href":"https:\/\/www.europesays.com\/se\/wp-json\/wp\/v2\/tags?post=124784"}],"curies":[{"name":"wp","href":"https:\/\/api.w.org\/{rel}","templated":true}]}}