{"id":124790,"date":"2026-01-03T19:45:12","date_gmt":"2026-01-03T19:45:12","guid":{"rendered":"https:\/\/www.europesays.com\/se\/124790\/"},"modified":"2026-01-03T19:45:12","modified_gmt":"2026-01-03T19:45:12","slug":"trump-hotar-iran-efter-dodliga-protester-2","status":"publish","type":"post","link":"https:\/\/www.europesays.com\/se\/124790\/","title":{"rendered":"Trump hotar Iran efter d\u00f6dliga protester"},"content":{"rendered":"<p>\u201dOm Iran skjuter och d\u00f6dar fredliga demonstranter, vilket \u00e4r deras sedv\u00e4nja, s\u00e5 kommer USA att komma till deras r\u00e4ddning\u201d, skriver Trump p\u00e5 sin plattform Truth Social och till\u00e4gger att man \u00e4r \u201dredo\u201d.<\/p>\n<p>Ali Larijani, talesperson f\u00f6r Irans nationella s\u00e4kerhetsr\u00e5d, svarar p\u00e5 X och anklagar USA och Israel f\u00f6r att ligga bakom protesterna.<\/p>\n<p>Det var i s\u00f6ndags som butiks\u00e4gare i Teheran tog till gatorna f\u00f6r att visa sitt missn\u00f6je med skenande kostnader och s\u00e4nkt levnadsstandard. Protesterna har d\u00e4refter spridit sig och v\u00e5ldsamma sammandrabbningar rapporterats fr\u00e5n flera delar av landet.<\/p>\n<p>Den statliga nyhetsbyr\u00e5n Fars uppger att flera personer d\u00f6dats. Samtidigt ska 30 personer ha gripits i Teheran, anklagade f\u00f6r att ha \u201dst\u00f6rt den allm\u00e4nna ordningen\u201d, rapporterar den statligt kopplade nyhetsbyr\u00e5n Tasnim.<\/p>\n","protected":false},"excerpt":{"rendered":"\u201dOm Iran skjuter och d\u00f6dar fredliga demonstranter, vilket \u00e4r deras sedv\u00e4nja, s\u00e5 kommer USA att komma till deras&hellip;\n","protected":false},"author":2,"featured_media":124791,"comment_status":"","ping_status":"","sticky":false,"template":"","format":"standard","meta":{"footnotes":""},"categories":[14],"tags":[22,23,26,27,17,21,24,25,28,29,15,16,18,34,31,33,32,30,19,20,51,52,53,54],"class_list":{"0":"post-124790","1":"post","2":"type-post","3":"status-publish","4":"format-standard","5":"has-post-thumbnail","7":"category-varlden","8":"tag-breaking-news","9":"tag-breakingnews","10":"tag-featured-news","11":"tag-featurednews","12":"tag-headlines","13":"tag-huvudnyheter","14":"tag-latest-news","15":"tag-latestnews","16":"tag-main-news","17":"tag-mainnews","18":"tag-news","19":"tag-nyheter","20":"tag-rubriker","21":"tag-se","22":"tag-svenska","23":"tag-sverige","24":"tag-sweden","25":"tag-swedish","26":"tag-top-stories","27":"tag-topstories","28":"tag-varlden","29":"tag-world","30":"tag-world-news","31":"tag-worldnews"},"share_on_mastodon":{"url":"https:\/\/pubeurope.com\/@se\/115832889200971893","error":""},"_links":{"self":[{"href":"https:\/\/www.europesays.com\/se\/wp-json\/wp\/v2\/posts\/124790","targetHints":{"allow":["GET"]}}],"collection":[{"href":"https:\/\/www.europesays.com\/se\/wp-json\/wp\/v2\/posts"}],"about":[{"href":"https:\/\/www.europesays.com\/se\/wp-json\/wp\/v2\/types\/post"}],"author":[{"embeddable":true,"href":"https:\/\/www.europesays.com\/se\/wp-json\/wp\/v2\/users\/2"}],"replies":[{"embeddable":true,"href":"https:\/\/www.europesays.com\/se\/wp-json\/wp\/v2\/comments?post=124790"}],"version-history":[{"count":0,"href":"https:\/\/www.europesays.com\/se\/wp-json\/wp\/v2\/posts\/124790\/revisions"}],"wp:featuredmedia":[{"embeddable":true,"href":"https:\/\/www.europesays.com\/se\/wp-json\/wp\/v2\/media\/124791"}],"wp:attachment":[{"href":"https:\/\/www.europesays.com\/se\/wp-json\/wp\/v2\/media?parent=124790"}],"wp:term":[{"taxonomy":"category","embeddable":true,"href":"https:\/\/www.europesays.com\/se\/wp-json\/wp\/v2\/categories?post=124790"},{"taxonomy":"post_tag","embeddable":true,"href":"https:\/\/www.europesays.com\/se\/wp-json\/wp\/v2\/tags?post=124790"}],"curies":[{"name":"wp","href":"https:\/\/api.w.org\/{rel}","templated":true}]}}